{"id":964,"date":"2017-07-11T15:37:19","date_gmt":"2017-07-11T15:37:19","guid":{"rendered":"http:\/\/institutvilley.com\/?p=964"},"modified":"2019-07-04T11:39:42","modified_gmt":"2019-07-04T11:39:42","slug":"droit-philosophie-volume-viii","status":"publish","type":"post","link":"https:\/\/institutvilley.com\/?p=964","title":{"rendered":"Droit &#038; Philosophie &#8211; Volume VIII"},"content":{"rendered":"<p>Le huiti\u00e8me volume de\u00a0<i>Droit &amp; Philosophie<\/i>\u00a0comprend les actes du colloque que l\u2019Institut Villey a organis\u00e9 en octobre 2014 en hommage \u00e0 Michel Villey, pour le centenaire de sa naissance. Il contient \u00e9galement les actes du cycle de conf\u00e9rences donn\u00e9es par Beno\u00eet Frydman dans le cadre de la Chaire Villey 2015, intitul\u00e9 \u00ab\u00a0Les m\u00e9tamorphoses d\u2019Antigone\u00a0\u00bb.<\/p>\n<p>Un article de V\u00e9ronique Champeil-Desplats sur la question du rapport du positivisme aux droits de l\u2019homme \u00e0 la lumi\u00e8re des conceptions de Kelsen et Bobbio, ainsi qu\u2019une contribution d\u2019Alexandre Viala proposant un \u00e9clairage de la conception r\u00e9aliste de l\u2019interpr\u00e9tation au prisme de la philosophie de Schopenhauer compl\u00e8tent cette publication. S\u2019y ajoutent enfin deux recensions d\u2019ouvrages r\u00e9cemment parus dans le champ de la philosophie du droit.<\/p>\n<p>&nbsp;<\/p>\n<h3 class=\"spip\"><strong>SOMMAIRE<\/strong><\/h3>\n<p><strong>I. Hommage \u00e0 Michel Villey &#8211; Pour le centi\u00e8me anniversaire de sa naissance<\/strong><\/p>\n<p><img loading=\"lazy\" decoding=\"async\" class=\"puce\" src=\"http:\/\/institutvilley.com\/local\/cache-vignettes\/L8xH11\/puce-32883.gif\" alt=\"-\" width=\"8\" height=\"11\" \/>\u00a0Marie-France Renoux-Zagam\u00e9\u00a0: Michel Villey entre th\u00e9ologie et histoire<\/p>\n<p><img loading=\"lazy\" decoding=\"async\" class=\"puce\" src=\"http:\/\/institutvilley.com\/local\/cache-vignettes\/L8xH11\/puce-32883.gif\" alt=\"-\" width=\"8\" height=\"11\" \/>\u00a0Alfred Dufour\u00a0: Michel Villey et les droits de l\u2019Homme\u00a0: la critique d\u2019un anti-moderne\u00a0?<\/p>\n<p><img loading=\"lazy\" decoding=\"async\" class=\"puce\" src=\"http:\/\/institutvilley.com\/local\/cache-vignettes\/L8xH11\/puce-32883.gif\" alt=\"-\" width=\"8\" height=\"11\" \/>\u00a0Franco Todescan\u00a0: Michel Villey et la Seconde Scolastique<\/p>\n<p><img loading=\"lazy\" decoding=\"async\" class=\"puce\" src=\"http:\/\/institutvilley.com\/local\/cache-vignettes\/L8xH11\/puce-32883.gif\" alt=\"-\" width=\"8\" height=\"11\" \/>\u00a0Michel Bastit\u00a0: Villey et Pelerman\u00a0: argumentation avec ou sans ontologie\u00a0?<\/p>\n<p><img loading=\"lazy\" decoding=\"async\" class=\"puce\" src=\"http:\/\/institutvilley.com\/local\/cache-vignettes\/L8xH11\/puce-32883.gif\" alt=\"-\" width=\"8\" height=\"11\" \/>\u00a0Pierre-Fran\u00e7ois Moreau\u00a0: Villey et les philosophes<\/p>\n<p><img loading=\"lazy\" decoding=\"async\" class=\"puce\" src=\"http:\/\/institutvilley.com\/local\/cache-vignettes\/L8xH11\/puce-32883.gif\" alt=\"-\" width=\"8\" height=\"11\" \/>\u00a0Pierre-Yves Quiviger\u00a0: Michel Villey et les formes contemporaines du droit naturel<\/p>\n<p><strong>II. Chaire Villey 2015<\/strong><\/p>\n<p><img loading=\"lazy\" decoding=\"async\" class=\"puce\" src=\"http:\/\/institutvilley.com\/local\/cache-vignettes\/L8xH11\/puce-32883.gif\" alt=\"-\" width=\"8\" height=\"11\" \/>\u00a0Beno\u00eet Frydman\u00a0: Les m\u00e9tamorphoses d\u2019Antigone<\/p>\n<p><strong>III. Varia<\/strong><\/p>\n<p><img loading=\"lazy\" decoding=\"async\" class=\"puce\" src=\"http:\/\/institutvilley.com\/local\/cache-vignettes\/L8xH11\/puce-32883.gif\" alt=\"-\" width=\"8\" height=\"11\" \/>\u00a0V\u00e9ronique Champeil-Desplats\u00a0: Kelsen et Bobbio, deux regards positivistes sur les droits de l\u2019homme<\/p>\n<p><strong>IV. Notes de lecture<\/strong><\/p>\n<p><img loading=\"lazy\" decoding=\"async\" class=\"puce\" src=\"http:\/\/institutvilley.com\/local\/cache-vignettes\/L8xH11\/puce-32883.gif\" alt=\"-\" width=\"8\" height=\"11\" \/>\u00a0Gabrielle Radica\u00a0: Luigi Delia,\u00a0<i>Droit et philosophie \u00e0 la lumi\u00e8re de l\u2019Encyclop\u00e9die<\/i>, Oxford, Oxford University Studies in the Enlightenment, 2015<\/p>\n<p><img loading=\"lazy\" decoding=\"async\" class=\"puce\" src=\"http:\/\/institutvilley.com\/local\/cache-vignettes\/L8xH11\/puce-32883.gif\" alt=\"-\" width=\"8\" height=\"11\" \/>\u00a0Sabina Tortorella\u00a0: J.-F. Kerv\u00e9gan, M.\u00a0Plouviez, P.-Y. Quiviger (dir.),\u00a0<i>Norme et violence. Enqu\u00eate franco-italienne<\/i>, Hildesheim, Olms, 2015<\/p>\n<p>&nbsp;<\/p>\n<div class=\"cartouche cartouche_livre\">\n<div class=\"surlignable\">\n<div class=\"chapo\">\n<ul class=\"spip\">\n<li>Volume 8, 2016<\/li>\n<li>\u00c9diteur\u00a0: Dalloz, coll. \u00ab\u00a0Les Fondements du Droit\u00a0\u00bb<\/li>\n<li>Date de parution\u00a0: juillet 2017<\/li>\n<li>Prix\u00a0: 42 \u20ac<\/li>\n<\/ul>\n<\/div>\n<\/div>\n<\/div>\n<div class=\"nettoyeur\" style=\"padding-left: 30px;\"><a href=\"https:\/\/www.editions-dalloz.fr\/ouvrages-universitaires\/connaitre-l-etat-de-la-recherche\/les-fondements-du-droit\/droit-philosophie-annuaire-de-l-institut-michel-villey-2016.html\"><strong>Lien vers la boutique Dalloz<\/strong><\/a><\/div>\n<div class=\"surlignable\"><\/div>\n","protected":false},"excerpt":{"rendered":"<p>Le huiti\u00e8me volume de\u00a0Droit &amp; Philosophie\u00a0comprend les actes du colloque [&hellip;]<\/p>\n","protected":false},"author":2,"featured_media":0,"comment_status":"open","ping_status":"open","sticky":false,"template":"","format":"standard","meta":{"footnotes":""},"categories":[25],"tags":[],"_links":{"self":[{"href":"https:\/\/institutvilley.com\/index.php?rest_route=\/wp\/v2\/posts\/964"}],"collection":[{"href":"https:\/\/institutvilley.com\/index.php?rest_route=\/wp\/v2\/posts"}],"about":[{"href":"https:\/\/institutvilley.com\/index.php?rest_route=\/wp\/v2\/types\/post"}],"author":[{"embeddable":true,"href":"https:\/\/institutvilley.com\/index.php?rest_route=\/wp\/v2\/users\/2"}],"replies":[{"embeddable":true,"href":"https:\/\/institutvilley.com\/index.php?rest_route=%2Fwp%2Fv2%2Fcomments&post=964"}],"version-history":[{"count":3,"href":"https:\/\/institutvilley.com\/index.php?rest_route=\/wp\/v2\/posts\/964\/revisions"}],"predecessor-version":[{"id":970,"href":"https:\/\/institutvilley.com\/index.php?rest_route=\/wp\/v2\/posts\/964\/revisions\/970"}],"wp:attachment":[{"href":"https:\/\/institutvilley.com\/index.php?rest_route=%2Fwp%2Fv2%2Fmedia&parent=964"}],"wp:term":[{"taxonomy":"category","embeddable":true,"href":"https:\/\/institutvilley.com\/index.php?rest_route=%2Fwp%2Fv2%2Fcategories&post=964"},{"taxonomy":"post_tag","embeddable":true,"href":"https:\/\/institutvilley.com\/index.php?rest_route=%2Fwp%2Fv2%2Ftags&post=964"}],"curies":[{"name":"wp","href":"https:\/\/api.w.org\/{rel}","templated":true}]}}