{"id":3541,"date":"2024-03-05T15:03:02","date_gmt":"2024-03-05T15:03:02","guid":{"rendered":"https:\/\/institutvilley.com\/?p=3541"},"modified":"2025-06-13T13:40:01","modified_gmt":"2025-06-13T13:40:01","slug":"jus-politicum-numero-31-pouvoir-juridictionnel","status":"publish","type":"post","link":"https:\/\/institutvilley.com\/?p=3541","title":{"rendered":"Jus Politicum &#8211; Num\u00e9ro 31 \u00ab\u00a0Pouvoir juridictionnel\u00a0\u00bb"},"content":{"rendered":"<h1><img loading=\"lazy\" decoding=\"async\" class=\"alignnone wp-image-3547\" src=\"http:\/\/institutvilley.com\/wp-content\/uploads\/2024\/03\/header-1-300x41.jpg\" alt=\"\" width=\"1390\" height=\"190\" srcset=\"https:\/\/institutvilley.com\/wp-content\/uploads\/2024\/03\/header-1-200x28.jpg 200w, https:\/\/institutvilley.com\/wp-content\/uploads\/2024\/03\/header-1-300x41.jpg 300w, https:\/\/institutvilley.com\/wp-content\/uploads\/2024\/03\/header-1-400x55.jpg 400w, https:\/\/institutvilley.com\/wp-content\/uploads\/2024\/03\/header-1-600x83.jpg 600w, https:\/\/institutvilley.com\/wp-content\/uploads\/2024\/03\/header-1-768x106.jpg 768w, https:\/\/institutvilley.com\/wp-content\/uploads\/2024\/03\/header-1-800x110.jpg 800w, https:\/\/institutvilley.com\/wp-content\/uploads\/2024\/03\/header-1-1024x141.jpg 1024w, https:\/\/institutvilley.com\/wp-content\/uploads\/2024\/03\/header-1.jpg 1170w\" sizes=\"(max-width: 1390px) 100vw, 1390px\" \/><\/h1>\n<h1><\/h1>\n<h1 style=\"text-align: center;\">Jus politicum &#8211; Num\u00e9ro 31 (mars 2024)<\/h1>\n<h1 style=\"text-align: center;\"><strong> \u00ab\u00a0Pouvoir juridictionnel\u00a0\u00bb<\/strong><\/h1>\n<h5 style=\"text-align: center;\"><a href=\"https:\/\/juspoliticum.com\/numero\/Pouvoir-juridictionnel-84.html\">Cliquez ici pour acc\u00e9der \u00e0 la version internet\u00a0<\/a>\u2013\u00a0<a href=\"https:\/\/juspoliticum.com\/article\/Jus-Politicum-n-31-eBook-1574.html\">Cliquez ici pour t\u00e9l\u00e9charger le eBook (pdf)<\/a><\/h5>\n<p>&nbsp;<\/p>\n<h3>-&gt;<em><strong> Entretien avec Michel Troper.<\/strong><\/em><\/h3>\n<h3>-&gt; <em><strong>Pouvoir juridictionnel<\/strong><\/em><\/h3>\n<ul>\n<li><strong>Lord Jonathan Sumption<\/strong>:\u00a0<a class=\"jp-link\"><i>Pouvoir judiciaire : le d\u00e9fi d\u00e9mocratique<\/i><\/a><\/li>\n<li><strong>Fran\u00e7ois Saint-Bonnet<\/strong>:\u00a0<a class=\"jp-link\"><i>Pouvoir juridictionnel et plateformes num\u00e9riques<\/i><\/a><\/li>\n<li><strong>Pascale Gonod<\/strong>:\u00a0<a class=\"jp-link\"><i>Proc\u00e8s administratif et pouvoir juridictionnel<\/i><\/a><\/li>\n<li><strong>C\u00e9cile Gu\u00e9rin-Bargues<\/strong>:\u00a0<a class=\"jp-link\"><i>La justice judiciaire \u00e0 l\u2019heure du ressentiment<\/i><\/a><\/li>\n<li><strong>C\u00e9line Roynier<\/strong>:\u00a0<a class=\"jp-link\"><i>Du pouvoir de dire le droit au droit de dire le pouvoir : la structuration d\u2019un \u00ab pouvoir \u00bb des juges dans l\u2019Angleterre pr\u00e9moderne<\/i><\/a><\/li>\n<li><strong>A\u00efda Manouguian<\/strong>:\u00a0<a class=\"jp-link\"><i>Le mythe de la v\u00e9rit\u00e9 juridictionnelle<\/i><\/a><\/li>\n<\/ul>\n<h3>-&gt; <em><strong>Critiques du contr\u00f4le de constitutionnalit\u00e9<\/strong><\/em><\/h3>\n<ul>\n<li><b>Renaud Baumert<\/b>:\u00a0<a class=\"jp-link\"><i>Pr\u00e9sentation<\/i><\/a><\/li>\n<li><b>Anthony Sfez<\/b>:\u00a0<a class=\"jp-link\"><i>La critique du contr\u00f4le juridictionnel de la constitutionnalit\u00e9 des lois en Espagne<\/i><\/a><\/li>\n<li><b>Thibault Carr\u00e8re<\/b>:\u00a0<a class=\"jp-link\"><i>La critique du contr\u00f4le de constitutionnalit\u00e9 par Jeremy Waldron : une d\u00e9fense d\u00e9mocratique des droits<\/i><\/a><\/li>\n<li><b>Benjamin Fargeaud<\/b>:\u00a0<a class=\"jp-link\"><i>Les ambigu\u00eft\u00e9s de l\u2019hostilit\u00e9 au contr\u00f4le de constitutionnalit\u00e9 sous la IVe R\u00e9publique<\/i><\/a><\/li>\n<li><b>Jean-S\u00e9bastien Boda<\/b>:\u00a0<a class=\"jp-link\"><i>Un vent de fronde contre le contr\u00f4le de constitutionnalit\u00e9 des lois. Analyse des d\u00e9bats parlementaires sur la r\u00e9vision constitutionnelle du 25 novembre 1993<\/i><\/a><\/li>\n<li><b>Idris Fassassi<\/b>:\u00a0<a class=\"jp-link\"><i>La Cour neutralis\u00e9e ou l\u2019offensive du Congr\u00e8s contre le contr\u00f4le de constitutionnalit\u00e9 des lois sous la Reconstruction<\/i><\/a><\/li>\n<\/ul>\n<h3>-&gt;<em><strong> Autour du livre de Christoph Sch\u00f6nberger<\/strong><\/em><\/h3>\n<ul>\n<li><b>Olivier Beaud, \u00c9ric Buge<\/b>:\u00a0<a class=\"jp-link\"><i>Pr\u00e9sentation de la Table Ronde autour du livre de Christoph Sch\u00f6nberger<\/i><\/a><\/li>\n<li><b>Christoph Sch\u00f6nberger<\/b>:\u00a0<a class=\"jp-link\"><i>Sur le banc. La mise en sc\u00e8ne du gouvernement dans l\u2019espace parlementaire<\/i><\/a><\/li>\n<li><b>Jacky Hummel<\/b>:\u00a0<a class=\"jp-link\"><i>Le Bundestag, th\u00e9\u00e2tre parlementaire habit\u00e9 par des fant\u00f4mes de l\u2019histoire constitutionnelle. Sur l\u2019ouvrage de Christoph Sch\u00f6nberger, Auf der Bank. Die Inszenierung der Regierung im Staatstheater des Parlaments, Munich, C. H. Beck, 2022<\/i><\/a><\/li>\n<li><b>Thomas Hochmann<\/b>:\u00a0<a class=\"jp-link\"><i>Feng shui au Bundestag. \u00c0 propos de C. Sch\u00f6nberger, Auf der Bank. Die Inszenierung der Regierung im Staatstheater des Parlaments, Munich, Beck, 2022<\/i><\/a><\/li>\n<\/ul>\n<h3>-&gt; <em><strong>Varia<\/strong><\/em><\/h3>\n<ul>\n<li><b>Pauline Trouillard<\/b>:\u00a0<a class=\"jp-link\"><i>La libert\u00e9 d\u2019expression \u00e0 l\u2019\u00e8re digitale : des conceptions am\u00e9ricaines et europ\u00e9ennes r\u00e9conciliables, en pratique ?<\/i><\/a><\/li>\n<li><b>Alexandre Deroche<\/b>:\u00a0<a class=\"jp-link\"><i>La propri\u00e9t\u00e9 : un droit de l\u2019homme en d\u00e9bat devant l\u2019Assembl\u00e9e constituante en 1946<\/i><\/a><\/li>\n<li><b>\u00c9douard Delruelle<\/b>:\u00a0<a class=\"jp-link\"><i>Constitution mat\u00e9rielle et constitution mixte. Du pouvoir constituant aux corps interm\u00e9diaires<\/i><\/a><\/li>\n<\/ul>\n<h3>-&gt; <em><strong>M\u00e9moire<\/strong><\/em><\/h3>\n<ul>\n<li><b>Tancr\u00e8de De Logivi\u00e8re<\/b>:\u00a0<a class=\"jp-link\"><i>La \u00ab jurie constitutionnaire \u00bb de Siey\u00e8s, prototype du contr\u00f4le de constitutionnalit\u00e9 : un mythe et sa persistance<\/i><\/a><\/li>\n<\/ul>\n","protected":false},"excerpt":{"rendered":"<p>Jus politicum &#8211; Num\u00e9ro 31 (mars 2024) \u00ab\u00a0Pouvoir juridictionnel\u00a0\u00bb Cliquez [&hellip;]<\/p>\n","protected":false},"author":1,"featured_media":0,"comment_status":"closed","ping_status":"open","sticky":false,"template":"","format":"standard","meta":{"footnotes":""},"categories":[24,74],"tags":[],"_links":{"self":[{"href":"https:\/\/institutvilley.com\/index.php?rest_route=\/wp\/v2\/posts\/3541"}],"collection":[{"href":"https:\/\/institutvilley.com\/index.php?rest_route=\/wp\/v2\/posts"}],"about":[{"href":"https:\/\/institutvilley.com\/index.php?rest_route=\/wp\/v2\/types\/post"}],"author":[{"embeddable":true,"href":"https:\/\/institutvilley.com\/index.php?rest_route=\/wp\/v2\/users\/1"}],"replies":[{"embeddable":true,"href":"https:\/\/institutvilley.com\/index.php?rest_route=%2Fwp%2Fv2%2Fcomments&post=3541"}],"version-history":[{"count":9,"href":"https:\/\/institutvilley.com\/index.php?rest_route=\/wp\/v2\/posts\/3541\/revisions"}],"predecessor-version":[{"id":3686,"href":"https:\/\/institutvilley.com\/index.php?rest_route=\/wp\/v2\/posts\/3541\/revisions\/3686"}],"wp:attachment":[{"href":"https:\/\/institutvilley.com\/index.php?rest_route=%2Fwp%2Fv2%2Fmedia&parent=3541"}],"wp:term":[{"taxonomy":"category","embeddable":true,"href":"https:\/\/institutvilley.com\/index.php?rest_route=%2Fwp%2Fv2%2Fcategories&post=3541"},{"taxonomy":"post_tag","embeddable":true,"href":"https:\/\/institutvilley.com\/index.php?rest_route=%2Fwp%2Fv2%2Ftags&post=3541"}],"curies":[{"name":"wp","href":"https:\/\/api.w.org\/{rel}","templated":true}]}}