{"id":3445,"date":"2023-12-14T08:48:13","date_gmt":"2023-12-14T08:48:13","guid":{"rendered":"https:\/\/institutvilley.com\/?p=3445"},"modified":"2023-12-14T08:48:13","modified_gmt":"2023-12-14T08:48:13","slug":"droit-philosophie-hors-serie-numero-4-la-responsabilite-face-au-raisonnement-probabiliste-regards-croises-entre-droit-et-sociologie","status":"publish","type":"post","link":"https:\/\/institutvilley.com\/?p=3445","title":{"rendered":"Droit &#038; Philosophie \u2013 Hors-s\u00e9rie num\u00e9ro 4 \u00ab La responsabilit\u00e9 face au raisonnement probabiliste. Regards crois\u00e9s entre droit et sociologie \u00bb"},"content":{"rendered":"<p style=\"text-align: center;\">Num\u00e9ro coordonn\u00e9 par Olivier Beaud<\/p>\n<p style=\"text-align: center;\"><a href=\"https:\/\/droitphilosophie.com\/volumes\/read\/22\">Cliquez ici pour acc\u00e9der au site internet (html)<\/a>\u00a0 \u2013\u00a0 <a href=\"https:\/\/droitphilosophie.com\/article\/lecture\/hors-serie-numero-4-ebook-381\">Cliquez ici pour t\u00e9l\u00e9charger le eBook (pdf)<\/a><\/p>\n<p>&nbsp;<\/p>\n<ul>\n<li>Olivier Beaud, Dominique Fenouillet\u00a0: <a href=\"https:\/\/droitphilosophie.com\/article\/lecture\/presentation-sur-la-responsabilite-et-le-raisonnement-probabiliste-380\"><em>Pr\u00e9sentation<\/em><\/a><\/li>\n<li>Olivier Beaud, Fran\u00e7ois Vatin\u00a0: <a href=\"https:\/\/droitphilosophie.com\/article\/lecture\/un-entretien-avec-francois-vatin-decisions-de-justice-et-esprit-probabiliste-377\"><em>Un entretien avec Fran\u00e7ois Vatin : d\u00e9cisions de justice et esprit probabiliste<\/em><\/a><\/li>\n<li>Philippe Conte\u00a0: <em><a href=\"https:\/\/droitphilosophie.com\/article\/lecture\/l-analyse-probabiliste-et-le-droit-penal-les-chiffres-et-les-valeurs-374\">L\u2019analyse probabiliste et le droit p\u00e9nal. Les chiffres et les valeurs<\/a><\/em><\/li>\n<li>Hafida Belrhali\u00a0: <a href=\"https:\/\/droitphilosophie.com\/article\/lecture\/causalite-et-probabilite-s-en-droit-de-la-responsabilite-administrative-breves-remarques-sur-les-calculs-et-le-doute-378\"><em>Causalit\u00e9 et probabilit\u00e9(s) en droit de la responsabilit\u00e9 administrative. Br\u00e8ves remarques sur les calculs et le doute<\/em><\/a><\/li>\n<li>Anne Jacquemet-Gauch\u00e9\u00a0: <a href=\"https:\/\/droitphilosophie.com\/article\/lecture\/la-probabilite-au-service-du-droit-de-la-responsabilite-administrative-375\"><em>La probabilit\u00e9 au service du droit de la responsabilit\u00e9 administrative<\/em><\/a><\/li>\n<li>Muriel Fabre-Magnan\u00a0: <a href=\"https:\/\/droitphilosophie.com\/article\/lecture\/des-limites-du-raisonnement-statistique-en-matiere-de-responsabilite-civile-376\"><em>Des limites du raisonnement statistique en mati\u00e8re de responsabilit\u00e9 civile<\/em><\/a><\/li>\n<li>Fran\u00e7ois Vatin\u00a0: <a href=\"https:\/\/droitphilosophie.com\/article\/lecture\/quelques-propos-sur-le-droit-la-connaissance-et-l-interet-public-379\"><em>Quelques propos sur le droit, la connaissance et l\u2019int\u00e9r\u00eat public<\/em><\/a><\/li>\n<\/ul>\n<p><strong><em>\u00a0<\/em><\/strong><\/p>\n<p>&nbsp;<\/p>\n<p>&nbsp;<\/p>\n<p>&nbsp;<\/p>\n<p>&nbsp;<\/p>\n<p>&nbsp;<\/p>\n<p style=\"text-align: center;\"><a href=\"http:\/\/www.droitphilosophie.com\/presentation-annuaire-institut-Michel-Villey\">D\u00e9couvrir de la revue<\/a>\u00a0 \u2013\u00a0 <a href=\"http:\/\/droitphilosophie@gmail.com\">Proposer une publication<\/a>\u00a0 \u2013\u00a0 <a href=\"http:\/\/www.droitphilosophie.com\/contact\">Adresser un message<\/a><\/p>\n<p style=\"text-align: center;\"><em>Institut Michel Villey \u2013 Universit\u00e9 Panth\u00e9on-Assas \u2013 12, Place du Panth\u00e9on \u2013 75 231 Paris Cedex 05<\/em><\/p>\n","protected":false},"excerpt":{"rendered":"<p>Num\u00e9ro coordonn\u00e9 par Olivier Beaud Cliquez ici pour acc\u00e9der au [&hellip;]<\/p>\n","protected":false},"author":1,"featured_media":0,"comment_status":"closed","ping_status":"open","sticky":false,"template":"","format":"standard","meta":{"footnotes":""},"categories":[25],"tags":[],"_links":{"self":[{"href":"https:\/\/institutvilley.com\/index.php?rest_route=\/wp\/v2\/posts\/3445"}],"collection":[{"href":"https:\/\/institutvilley.com\/index.php?rest_route=\/wp\/v2\/posts"}],"about":[{"href":"https:\/\/institutvilley.com\/index.php?rest_route=\/wp\/v2\/types\/post"}],"author":[{"embeddable":true,"href":"https:\/\/institutvilley.com\/index.php?rest_route=\/wp\/v2\/users\/1"}],"replies":[{"embeddable":true,"href":"https:\/\/institutvilley.com\/index.php?rest_route=%2Fwp%2Fv2%2Fcomments&post=3445"}],"version-history":[{"count":2,"href":"https:\/\/institutvilley.com\/index.php?rest_route=\/wp\/v2\/posts\/3445\/revisions"}],"predecessor-version":[{"id":3447,"href":"https:\/\/institutvilley.com\/index.php?rest_route=\/wp\/v2\/posts\/3445\/revisions\/3447"}],"wp:attachment":[{"href":"https:\/\/institutvilley.com\/index.php?rest_route=%2Fwp%2Fv2%2Fmedia&parent=3445"}],"wp:term":[{"taxonomy":"category","embeddable":true,"href":"https:\/\/institutvilley.com\/index.php?rest_route=%2Fwp%2Fv2%2Fcategories&post=3445"},{"taxonomy":"post_tag","embeddable":true,"href":"https:\/\/institutvilley.com\/index.php?rest_route=%2Fwp%2Fv2%2Ftags&post=3445"}],"curies":[{"name":"wp","href":"https:\/\/api.w.org\/{rel}","templated":true}]}}