{"id":3284,"date":"2023-06-01T16:02:29","date_gmt":"2023-06-01T16:02:29","guid":{"rendered":"https:\/\/institutvilley.com\/?p=3284"},"modified":"2023-07-24T16:07:41","modified_gmt":"2023-07-24T16:07:41","slug":"jus-politicum-volume-xiv-2023","status":"publish","type":"post","link":"https:\/\/institutvilley.com\/?p=3284","title":{"rendered":"Jus Politicum \u2013 Volume XIV, 2023"},"content":{"rendered":"<p><img loading=\"lazy\" decoding=\"async\" class=\"alignnone wp-image-374 size-full\" src=\"http:\/\/institutvilley.com\/wp-content\/uploads\/2019\/02\/header.jpg\" alt=\"\" width=\"1170\" height=\"161\" srcset=\"https:\/\/institutvilley.com\/wp-content\/uploads\/2019\/02\/header-200x28.jpg 200w, https:\/\/institutvilley.com\/wp-content\/uploads\/2019\/02\/header-300x41.jpg 300w, https:\/\/institutvilley.com\/wp-content\/uploads\/2019\/02\/header-400x55.jpg 400w, https:\/\/institutvilley.com\/wp-content\/uploads\/2019\/02\/header-600x83.jpg 600w, https:\/\/institutvilley.com\/wp-content\/uploads\/2019\/02\/header-768x106.jpg 768w, https:\/\/institutvilley.com\/wp-content\/uploads\/2019\/02\/header-800x110.jpg 800w, https:\/\/institutvilley.com\/wp-content\/uploads\/2019\/02\/header-1024x141.jpg 1024w, https:\/\/institutvilley.com\/wp-content\/uploads\/2019\/02\/header.jpg 1170w\" sizes=\"(max-width: 1170px) 100vw, 1170px\" \/><\/p>\n<p>&nbsp;<\/p>\n<p style=\"text-align: center;\">Disponible \u00e0 l\u2019achat sur le site de l\u2019<a href=\"https:\/\/www.boutique-dalloz.fr\/jus-politicum-vol-xiv-p.html\">\u00e9diteur Dalloz<\/a> ou disponible en libre-acc\u00e8s sur le <a href=\"https:\/\/juspoliticum.com\/numero\/Formes-de-la-citoyennete-80.html\">site de la revue<\/a>.<\/p>\n<p>&nbsp;<\/p>\n<dl id=\"collateral-tabs\">\n<dt>\n<div>\n<p>Le quatorzi\u00e8me volume de la revue Jus Politicum comprend les actes du colloque \u00ab Formes de la citoyennet\u00e9 \u00bb co-organis\u00e9 par l&rsquo;Institut Michel Villey (Universit\u00e9 Panth\u00e9on-Assas) et l&rsquo;Institut Raymond Carr\u00e9 de Malberg (Universit\u00e9 de Strasbourg) sous la direction des Pr Olivier Beaud et Nicolas Chifflot, ainsi que deux contributions additionnelles de r\u00e9flexion fondamentale. Les juristes de droit public r\u00e9duisent le plus souvent le contenu de la citoyennet\u00e9 au seul droit de vote, alors que ce contenu est plus large. Les Professeurs Olivier Beaud et Fran\u00e7ois Saint-Bonnet ont d\u00e9j\u00e0 \u00e9tendu le champ de cette r\u00e9flexion en liant ensemble le civisme et la citoyennet\u00e9 dans un pr\u00e9c\u00e9dent volume intitul\u00e9 La citoyennet\u00e9 comme appartenance au corps politique (Paris, \u00c9d. Panth\u00e9on-Assas, 2021) et issu \u00e9galement d&rsquo;un colloque organis\u00e9 par l&rsquo;Institut Michel Villey. Le pr\u00e9sent volume entend soumettre \u00e0 l&rsquo;\u00e9tude Les formes m\u00e9connues de la citoyennet\u00e9, \u00e9tant entendu que sa forme la plus connue porte sur les droits politiques et civiques. Il s&rsquo;agit ici de s&rsquo;int\u00e9resser d&rsquo;abord aux droits politiques et civiques, autres que ceux traditionnellement envisag\u00e9s par le droit constitutionnel (droit de vote et \u00e9ligibilit\u00e9), que l&rsquo;on peut discerner en \u00e9tudiant tour \u00e0 tour les libert\u00e9s publiques, le droit administratif ou le droit p\u00e9nal. Certains de ces droits sont par ailleurs souvent per\u00e7us comme purement priv\u00e9s (le droit d&rsquo;acc\u00e8s \u00e0 la justice) tandis que les devoirs du citoyen sont g\u00e9n\u00e9ralement pass\u00e9s sous silence quand on \u00e9voque la citoyennet\u00e9. Ceux-ci sont donc \u00e9tudi\u00e9s dans ce volume. Enfin, une question \u00e9minemment actuelle se pose quant \u00e0 savoir si les formes \u00ab irr\u00e9guli\u00e8res \u00bb d&rsquo;action politique peuvent \u00eatre interpr\u00e9t\u00e9es comme des manifestations de la citoyennet\u00e9 au sens alors de \u00ab citoyennet\u00e9 rebelle \u00bb.<br \/>\nCette fa\u00e7on de poser le probl\u00e8me de la citoyennet\u00e9 tranche, a priori et par la n\u00e9gative, la question ancienne et largement d\u00e9battue de savoir si la citoyennet\u00e9 sociale revendiqu\u00e9e par les auteurs marxistes ou marxisants est, ou non, une v\u00e9ritable citoyennet\u00e9 politique. C&rsquo;est le sens que souhaitait lui donner T.H. Marshall dans son grand article sur Citizenship and social class (1949). Cependant, le pr\u00e9sent volume redonne \u00e0 la citoyennet\u00e9 un domaine d&rsquo;une plus grande ampleur, mais tout en le cantonnant dans la sph\u00e8re politique, largement entendue.<\/p>\n<\/div>\n<\/dt>\n<\/dl>\n<p>&nbsp;<\/p>\n<h2 style=\"text-align: center;\">Sommaire<\/h2>\n<p>&nbsp;<\/p>\n<h2 class=\"slide-title\">I. Formes de la citoyennet\u00e9<\/h2>\n<ul>\n<li>Olivier Beaud et Nicolas Chifflot : Pr\u00e9sentation<\/li>\n<li>Fran\u00e7ois Saint-Bonnet : Le proc\u00e8s politique ou l\u2019instrumentalisation de la justice par le citoyen<\/li>\n<li>Julien Mouchette : La saisine des autorit\u00e9s administratives ind\u00e9pendantes, nouvelle forme de la citoyennet\u00e9 ?<\/li>\n<li>Idris Fassassi : Le droit d\u2019agir en justice aux \u00c9tats-Unis : un droit du citoyen ?<\/li>\n<li>Gr\u00e9goire Bigot : Le droit d\u2019\u00eatre arm\u00e9, pr\u00e9rogative du citoyen sous la R\u00e9volution fran\u00e7aise<\/li>\n<li>Jean-Marie Denquin : Le citoyen militant<\/li>\n<li>Patrick Wachsmann : La libert\u00e9 de r\u00e9union<\/li>\n<li>\u00c9ric Buge : Le citoyen, qui lutte contre la corruption<\/li>\n<li>Yann-Arzel Durelle-Marc : Le droit de p\u00e9tition<\/li>\n<li>Julien Jeanneney : L\u2019ob\u00e9issance \u00e0 la loi est-elle une obligation de l\u2019homme ou du citoyen ?<\/li>\n<li>Nicolas Chifflot : Le fonctionnaire est-il un citoyen sp\u00e9cial ?<\/li>\n<li>Eric Desmons : Le service militaire, un devoir du citoyen ?<\/li>\n<\/ul>\n<h2 class=\"slide-title\">II. Varia<\/h2>\n<ul>\n<li>Jacques Caillosse : Faire du droit administratif \u00e0 l\u2019heure du n\u00e9olib\u00e9ralisme<\/li>\n<li>Carlos-Miguel Pimentel : Le populisme couronn\u00e9. Essai sur un jeu de r\u00f4les institutionnel<\/li>\n<\/ul>\n<p>&nbsp;<\/p>\n","protected":false},"excerpt":{"rendered":"<p>&nbsp; Disponible \u00e0 l\u2019achat sur le site de l\u2019\u00e9diteur Dalloz [&hellip;]<\/p>\n","protected":false},"author":1,"featured_media":0,"comment_status":"closed","ping_status":"open","sticky":false,"template":"","format":"standard","meta":{"footnotes":""},"categories":[24],"tags":[],"_links":{"self":[{"href":"https:\/\/institutvilley.com\/index.php?rest_route=\/wp\/v2\/posts\/3284"}],"collection":[{"href":"https:\/\/institutvilley.com\/index.php?rest_route=\/wp\/v2\/posts"}],"about":[{"href":"https:\/\/institutvilley.com\/index.php?rest_route=\/wp\/v2\/types\/post"}],"author":[{"embeddable":true,"href":"https:\/\/institutvilley.com\/index.php?rest_route=\/wp\/v2\/users\/1"}],"replies":[{"embeddable":true,"href":"https:\/\/institutvilley.com\/index.php?rest_route=%2Fwp%2Fv2%2Fcomments&post=3284"}],"version-history":[{"count":1,"href":"https:\/\/institutvilley.com\/index.php?rest_route=\/wp\/v2\/posts\/3284\/revisions"}],"predecessor-version":[{"id":3286,"href":"https:\/\/institutvilley.com\/index.php?rest_route=\/wp\/v2\/posts\/3284\/revisions\/3286"}],"wp:attachment":[{"href":"https:\/\/institutvilley.com\/index.php?rest_route=%2Fwp%2Fv2%2Fmedia&parent=3284"}],"wp:term":[{"taxonomy":"category","embeddable":true,"href":"https:\/\/institutvilley.com\/index.php?rest_route=%2Fwp%2Fv2%2Fcategories&post=3284"},{"taxonomy":"post_tag","embeddable":true,"href":"https:\/\/institutvilley.com\/index.php?rest_route=%2Fwp%2Fv2%2Ftags&post=3284"}],"curies":[{"name":"wp","href":"https:\/\/api.w.org\/{rel}","templated":true}]}}