{"id":3244,"date":"2023-05-09T08:44:08","date_gmt":"2023-05-09T08:44:08","guid":{"rendered":"http:\/\/institutvilley.com\/?p=3244"},"modified":"2023-05-11T09:09:56","modified_gmt":"2023-05-11T09:09:56","slug":"d-baranger-o-beaud-et-c-guerin-bargues-dir-les-democraties-face-au-covid-editions-pantheon-assas-2023","status":"publish","type":"post","link":"https:\/\/institutvilley.com\/?p=3244","title":{"rendered":"D. Baranger, O. Beaud et C. Gu\u00e9rin-Bargues (dir.), Les d\u00e9mocraties face au Covid, Editions Panth\u00e9on-Assas (2023)"},"content":{"rendered":"<h1 style=\"text-align: center;\"><span style=\"color: #ffffff;\">&#8211;<\/span><\/h1>\n<h1 style=\"text-align: center;\">Les d\u00e9mocraties face au Covid<\/h1>\n<h3 style=\"text-align: center;\">sous la direction de Denis Baranger, Olivier Beaud et C\u00e9cile Gu\u00e9rin-Bargues<\/h3>\n<p>&nbsp;<\/p>\n<p>&nbsp;<\/p>\n<p><img loading=\"lazy\" decoding=\"async\" class=\"size-medium alignleft\" src=\"http:\/\/institutvilley.com\/wp-content\/uploads\/2023\/05\/Les-democraties-face-au-covid.png\" width=\"237\" height=\"356\" \/><\/p>\n<p>Les informations sur cette publication sont \u00e9galement disponibles sur le <a href=\"https:\/\/www.u-paris2.fr\/fr\/les-democraties-face-au-covid-entretien-avec-denis-baranger-olivier-beaud-et-cecile-guerin-bargues\">site de l\u2019\u00e9diteur <\/a>et <a href=\"https:\/\/www.lgdj.fr\/les-democraties-face-au-covid-9782376510475.html\">en librairie<\/a>. Issu du <a href=\"https:\/\/blog.juspoliticum.com\/\">blog <em>Jus Politicum<\/em><\/a>, devenu une r\u00e9f\u00e9rence en mati\u00e8re constitutionnelle, cet ouvrage rassemble une grande partie des billets publi\u00e9s entre 2020 et 2022. Leur lecture permet de mesurer l\u2019ampleur des transformations juridiques et institutionnelles provoqu\u00e9es par la pand\u00e9mie, en France, comme \u00e0 l\u2019\u00e9tranger. Comment les d\u00e9mocraties constitutionnelles ont-elles r\u00e9agi \u00e0 cette crise sans pr\u00e9c\u00e9dent ? En quoi les principaux traits institutionnels de la Ve R\u00e9publique sont-ils mis en lumi\u00e8re par cette exp\u00e9rience inusuelle ? Pr\u00e9pond\u00e9rance de l\u2019ex\u00e9cutif, contournement de la d\u00e9mocratie parlementaire, difficult\u00e9s des plus hautes juridictions \u00e0 concilier pr\u00e9servation de la sant\u00e9 publique et d\u00e9fense des libert\u00e9s : en France comme ailleurs, la pand\u00e9mie a mis \u00e0 l\u2019\u00e9preuve les grands principes constitutionnels et la r\u00e9partition des fonctions entre pouvoirs constitu\u00e9s. Sans rien c\u00e9der sur les exigences scientifiques, les universitaires ici r\u00e9unis se sont efforc\u00e9s de mettre leurs connaissances \u00e0 la port\u00e9e du grand public afin de lui offrir, \u00e0 travers des cas concrets, un outil de r\u00e9flexion et une v\u00e9ritable mise en perspective de l\u2019actualit\u00e9 constitutionnelle.<\/p>\n<p>&nbsp;<\/p>\n<p>&nbsp;<\/p>\n<h2 class=\"fusion-responsive-typography-calculated\" style=\"text-align: center;\" data-fontsize=\"17\" data-lineheight=\"25.5px\">R\u00e9f\u00e9rences<\/h2>\n<div><span style=\"color: #ffffff;\">\u2013<\/span><\/div>\n<div><\/div>\n<div class=\"field field-name-field-collection field-type-taxonomy-term-reference field-label-above\">\n<div>Titre : <em>Les d\u00e9mocraties face au Covid<br \/>\n<\/em><\/div>\n<div>Auteur : Baranger, Denis ; Beaud, Olivier ; Gu\u00e9rin-Bargues, C\u00e9cile<\/div>\n<div class=\"field-label\"><span class=\"pa-isbn\">\u00c9diteur : Editions Panth\u00e9on-Assas<br \/>\n<\/span><\/div>\n<div>Collection : Hors collection<\/div>\n<\/div>\n<div class=\"field field-name-field-discipline field-type-taxonomy-term-reference field-label-above\">\n<div>\n<div class=\"commerce-product-field commerce-product-field-field-ouvrage-pages field-field-ouvrage-pages node-19326-product-field-ouvrage-pages\">\n<div class=\"field field-name-field-ouvrage-pages field-type-text field-label-above\">\n<div class=\"field-label\">Nombre de pages : 288<\/div>\n<\/div>\n<\/div>\n<\/div>\n<div class=\"field-label\">Parution : 09\/05\/2023<\/div>\n<div>ISBN : 978-2-37651-047-5<\/div>\n<div>Prix conseill\u00e9 : 24\u20ac<\/div>\n<\/div>\n<div><\/div>\n<div>\n<h1><span style=\"color: #ffffff;\">&#8211;<\/span><\/h1>\n<\/div>\n","protected":false},"excerpt":{"rendered":"<p>&#8211; Les d\u00e9mocraties face au Covid sous la direction de [&hellip;]<\/p>\n","protected":false},"author":1,"featured_media":0,"comment_status":"closed","ping_status":"open","sticky":false,"template":"","format":"standard","meta":{"footnotes":""},"categories":[75],"tags":[],"_links":{"self":[{"href":"https:\/\/institutvilley.com\/index.php?rest_route=\/wp\/v2\/posts\/3244"}],"collection":[{"href":"https:\/\/institutvilley.com\/index.php?rest_route=\/wp\/v2\/posts"}],"about":[{"href":"https:\/\/institutvilley.com\/index.php?rest_route=\/wp\/v2\/types\/post"}],"author":[{"embeddable":true,"href":"https:\/\/institutvilley.com\/index.php?rest_route=\/wp\/v2\/users\/1"}],"replies":[{"embeddable":true,"href":"https:\/\/institutvilley.com\/index.php?rest_route=%2Fwp%2Fv2%2Fcomments&post=3244"}],"version-history":[{"count":7,"href":"https:\/\/institutvilley.com\/index.php?rest_route=\/wp\/v2\/posts\/3244\/revisions"}],"predecessor-version":[{"id":3252,"href":"https:\/\/institutvilley.com\/index.php?rest_route=\/wp\/v2\/posts\/3244\/revisions\/3252"}],"wp:attachment":[{"href":"https:\/\/institutvilley.com\/index.php?rest_route=%2Fwp%2Fv2%2Fmedia&parent=3244"}],"wp:term":[{"taxonomy":"category","embeddable":true,"href":"https:\/\/institutvilley.com\/index.php?rest_route=%2Fwp%2Fv2%2Fcategories&post=3244"},{"taxonomy":"post_tag","embeddable":true,"href":"https:\/\/institutvilley.com\/index.php?rest_route=%2Fwp%2Fv2%2Ftags&post=3244"}],"curies":[{"name":"wp","href":"https:\/\/api.w.org\/{rel}","templated":true}]}}