{"id":2712,"date":"2022-06-20T13:56:18","date_gmt":"2022-06-20T13:56:18","guid":{"rendered":"http:\/\/institutvilley.com\/?p=2712"},"modified":"2023-07-24T16:09:46","modified_gmt":"2023-07-24T16:09:46","slug":"jus-politicum-volume-xiii-2022","status":"publish","type":"post","link":"https:\/\/institutvilley.com\/?p=2712","title":{"rendered":"Jus Politicum \u2013 Volume XIII, 2022"},"content":{"rendered":"<p><img loading=\"lazy\" decoding=\"async\" class=\"alignnone wp-image-374 size-full\" src=\"http:\/\/institutvilley.com\/wp-content\/uploads\/2019\/02\/header.jpg\" alt=\"\" width=\"1170\" height=\"161\" srcset=\"https:\/\/institutvilley.com\/wp-content\/uploads\/2019\/02\/header-200x28.jpg 200w, https:\/\/institutvilley.com\/wp-content\/uploads\/2019\/02\/header-300x41.jpg 300w, https:\/\/institutvilley.com\/wp-content\/uploads\/2019\/02\/header-400x55.jpg 400w, https:\/\/institutvilley.com\/wp-content\/uploads\/2019\/02\/header-600x83.jpg 600w, https:\/\/institutvilley.com\/wp-content\/uploads\/2019\/02\/header-768x106.jpg 768w, https:\/\/institutvilley.com\/wp-content\/uploads\/2019\/02\/header-800x110.jpg 800w, https:\/\/institutvilley.com\/wp-content\/uploads\/2019\/02\/header-1024x141.jpg 1024w, https:\/\/institutvilley.com\/wp-content\/uploads\/2019\/02\/header.jpg 1170w\" sizes=\"(max-width: 1170px) 100vw, 1170px\" \/><\/p>\n<p>&nbsp;<\/p>\n<p style=\"text-align: center;\">Disponible \u00e0 l\u2019achat sur le site de l\u2019<a href=\"https:\/\/www.boutique-dalloz.fr\/jus-politicum-vol-xiii-p.html\">\u00e9diteur Dalloz<\/a> ou disponible en libre-acc\u00e8s sur le <a href=\"http:\/\/juspoliticum.com\/numero\/Rene-Capitant-1901-1970-a-l-occasion-du-50e-anniversaire-de-sa-mort-79.html\">site de la revue<\/a>.<\/p>\n<p>&nbsp;<\/p>\n<p>Ce treizi\u00e8me volume rassemble les contributions destin\u00e9es \u00e0 un colloque international consacr\u00e9 \u00e0 <em>Ren\u00e9 Capitant (1901-1970)\u00a0: \u00e0 l\u2019occasion du 50<sup>e<\/sup> anniversaire de sa mort<\/em>, organis\u00e9 par l\u2019Institut Michel Villey (Universit\u00e9 Paris Panth\u00e9on-Assas). Bien que les travaux sur l\u2019\u0153uvre de ce grand juriste, soient d\u00e9sormais substantiels, il a paru encore possible, pour c\u00e9l\u00e9brer cet anniversaire, de creuser encore les \u00e9crits et la vie si exemplaire de Ren\u00e9 Capitant. Ces contributions examinent, d\u2019une part, la fa\u00e7on dont il anim\u00e9 la doctrine constitutionnelle des IV<sup>e<\/sup> et V<sup>e<\/sup> R\u00e9publiques ainsi que, d\u2019autre part, la sp\u00e9cificit\u00e9 de son engagement politique, celui d\u2019un \u00ab\u00a0l\u00e9giste de la V<sup>e<\/sup> R\u00e9publique\u00a0\u00bb et d\u2019un \u00ab\u00a0gaulliste de gauche\u00a0\u00bb. Outre la pr\u00e9sentation des deux facettes compl\u00e9mentaires de la vie de Ren\u00e9 Capitant, celle du th\u00e9oricien constitutionnel et de l\u2019acteur politique, trois aspects m\u00e9connus de sa vie et de sa pens\u00e9e apparaissent distinctement dans ce colloque. Tout d\u2019abord, on voit son action sous la IV<sup>e<\/sup> R\u00e9publique et l\u2019\u00e9volution de sa pens\u00e9e constitutionnelle, contribuant \u00e0 renouveler la notion de r\u00e9gime parlementaire. Ensuite, gr\u00e2ce \u00e0 des documents in\u00e9dits d\u2019une importance majeure provenant de son s\u00e9jour au Japon (1957-1961), on conna\u00eet d\u00e9sormais de fa\u00e7on circonstanci\u00e9e son appr\u00e9ciation sur le retour du G\u00e9n\u00e9ral de Gaulle au pouvoir et sur les premi\u00e8res ann\u00e9es de V<sup>e<\/sup> R\u00e9publique et aussi son empreinte laiss\u00e9e sur une g\u00e9n\u00e9ration de juristes japonais. Enfin, il \u00e9tait temps de redonner toute sa place \u00e0 l\u2019\u00e9tude de la question sociale dans sa pens\u00e9e, qui contribu\u00e9 \u00e0 en faire un \u00ab\u00a0gaulliste de gauche\u00a0\u00bb. L\u2019occasion du 50<sup>e<\/sup> anniversaire de la mort de Ren\u00e9 Capitant sert ainsi de pr\u00e9texte \u00e0 sa red\u00e9couverte d\u2019un homme et d\u2019un savant qui a marqu\u00e9 durablement la doctrine publiciste fran\u00e7aise.<\/p>\n<p>&nbsp;<\/p>\n<h2 style=\"text-align: center;\">Sommaire<\/h2>\n<p>&nbsp;<\/p>\n<h2 class=\"slide-title\">Journ\u00e9e d\u2019\u00e9tude : Ren\u00e9 Capitant (1901\u20131970)<\/h2>\n<ul>\n<li><b>Olivier Beaud<\/b>: <a class=\"jp-link\"><i>Avant-propos<\/i><\/a><\/li>\n<li><b>Olivier Beaud<\/b>: <a class=\"jp-link\"><i>Le 50e anniversaire de la mort de Ren\u00e9 Capitant. Hommage \u00e0 une grande figure de la R\u00e9publique et de l\u2019Universit\u00e9<\/i><\/a><\/li>\n<li><b>Y\u00f4ichi Higuchi<\/b>: <a class=\"jp-link\"><i>La th\u00e9orie constitutionnelle du professeur Ren\u00e9 Capitant<\/i><\/a><\/li>\n<li><b>Benjamin Fargeaud<\/b>: <a class=\"jp-link\"><i>Ren\u00e9 Capitant, un intransigeant face \u00e0 l\u2019\u00e9laboration de la Constitution de 1946<\/i><\/a><\/li>\n<li><b>Jean-F\u00e9lix (de) Bujadoux<\/b>: <a class=\"jp-link\"><i>Ren\u00e9 Capitant, th\u00e9oricien constitutionneldu Rassemblement du Peuple Fran\u00e7ais (RPF)<\/i><\/a><\/li>\n<li><b>Nobuyuki Takahashi<\/b>: <a class=\"jp-link\"><i>Ren\u00e9 Capitant au Japon. L\u2019itin\u00e9raire d\u2019un l\u00e9giste de la Ve R\u00e9publique au pays du Soleil Levant<\/i><\/a><\/li>\n<li><b>Jean-Marie Denquin<\/b>: <a class=\"jp-link\"><i>L\u2019interpr\u00e9tation de la Constitution de la Ve R\u00e9publique par Ren\u00e9 Capitant<\/i><\/a><\/li>\n<li><b>Alain Laqui\u00e8ze<\/b>: <a class=\"jp-link\"><i>Ren\u00e9 Capitant, gaulliste de gauche<\/i><\/a><\/li>\n<li><b>Cl\u00e9ment Gaubard<\/b>: <a class=\"jp-link\"><i>Ren\u00e9 Capitant et la participation : L\u2019\u00e9chec d\u2019une ambition sociale<\/i><\/a><\/li>\n<\/ul>\n<p>&nbsp;<\/p>\n<h2 class=\"slide-title\">Varia<\/h2>\n<ul>\n<li><b>Camille Ayn\u00e8s<\/b>: <a class=\"jp-link\"><i>Le vote du \u00ab fou \u00bb. Citoyennet\u00e9 et capacit\u00e9 \u00e0 la lumi\u00e8re de la r\u00e9forme du 23 mars 2019<\/i><\/a><\/li>\n<li><b>Suzie Navot<\/b>: <a class=\"jp-link\"><i>L\u2019affaire Netanyahou. Un Premier Ministre accus\u00e9 et plusieurs dilemmes constitutionnels non r\u00e9solus<\/i><\/a><\/li>\n<\/ul>\n<p>&nbsp;<\/p>\n","protected":false},"excerpt":{"rendered":"<p>&nbsp; Disponible \u00e0 l\u2019achat sur le site de l\u2019\u00e9diteur Dalloz [&hellip;]<\/p>\n","protected":false},"author":1,"featured_media":0,"comment_status":"closed","ping_status":"open","sticky":false,"template":"","format":"standard","meta":{"footnotes":""},"categories":[24],"tags":[],"_links":{"self":[{"href":"https:\/\/institutvilley.com\/index.php?rest_route=\/wp\/v2\/posts\/2712"}],"collection":[{"href":"https:\/\/institutvilley.com\/index.php?rest_route=\/wp\/v2\/posts"}],"about":[{"href":"https:\/\/institutvilley.com\/index.php?rest_route=\/wp\/v2\/types\/post"}],"author":[{"embeddable":true,"href":"https:\/\/institutvilley.com\/index.php?rest_route=\/wp\/v2\/users\/1"}],"replies":[{"embeddable":true,"href":"https:\/\/institutvilley.com\/index.php?rest_route=%2Fwp%2Fv2%2Fcomments&post=2712"}],"version-history":[{"count":5,"href":"https:\/\/institutvilley.com\/index.php?rest_route=\/wp\/v2\/posts\/2712\/revisions"}],"predecessor-version":[{"id":3287,"href":"https:\/\/institutvilley.com\/index.php?rest_route=\/wp\/v2\/posts\/2712\/revisions\/3287"}],"wp:attachment":[{"href":"https:\/\/institutvilley.com\/index.php?rest_route=%2Fwp%2Fv2%2Fmedia&parent=2712"}],"wp:term":[{"taxonomy":"category","embeddable":true,"href":"https:\/\/institutvilley.com\/index.php?rest_route=%2Fwp%2Fv2%2Fcategories&post=2712"},{"taxonomy":"post_tag","embeddable":true,"href":"https:\/\/institutvilley.com\/index.php?rest_route=%2Fwp%2Fv2%2Ftags&post=2712"}],"curies":[{"name":"wp","href":"https:\/\/api.w.org\/{rel}","templated":true}]}}