{"id":2492,"date":"2021-12-05T10:02:21","date_gmt":"2021-12-05T10:02:21","guid":{"rendered":"http:\/\/institutvilley.com\/?p=2492"},"modified":"2021-12-17T10:12:27","modified_gmt":"2021-12-17T10:12:27","slug":"2492","status":"publish","type":"post","link":"https:\/\/institutvilley.com\/?p=2492","title":{"rendered":"Prix Guy Carcassonne 2021"},"content":{"rendered":"<p style=\"text-align: center;\">L&rsquo;Institut Michel Villey a le plaisir d&rsquo;annoncer la d\u00e9signation de l&rsquo;un de ses doctorants comme laur\u00e9at du :<\/p>\n<p>&nbsp;<\/p>\n<h2 id=\"title\" style=\"text-align: center;\">Prix Guy Carcassonne<\/h2>\n<p>&nbsp;<\/p>\n<p>Cr\u00e9\u00e9 en 2014 par le Club des juristes, le Prix Guy Carcassonne est organis\u00e9 en partenariat avec le Conseil Constitutionnel, <em>Le Monde,<\/em>\u00a0la revue <em>Pouvoirs <\/em>et le <em>Club des juristes. <\/em>Il r\u00e9compense chaque ann\u00e9e un article in\u00e9dit portant sur une question constitutionnelle li\u00e9e \u00e0 l\u2019actualit\u00e9 fran\u00e7aise ou \u00e9trang\u00e8re. Cet article doit aider \u00e0 faire comprendre au plus grand nombre les enjeux juridiques, politiques et sociaux pos\u00e9s par cette question constitutionnelle. Son laur\u00e9at, pour l&rsquo;ann\u00e9e 2021 :<\/p>\n<p>&nbsp;<\/p>\n<p style=\"text-align: center;\"><strong>Victor-William Martignac<\/strong><\/p>\n<p style=\"text-align: center;\">Th\u00e8se de doctorat en cours sous la direction du Professeur Fran\u00e7ois Saint-Bonnet,<br \/>\n\u00ab\u00a0L&rsquo;action de l&rsquo;autorit\u00e9 militaire sur le territoire national.<br \/>\nApproche historique et fondements th\u00e9oriques en droit public\u00a0\u00bb<\/p>\n<p>&nbsp;<\/p>\n<p>Pour son article proposant une synth\u00e8se et une mise en perspective du droit applicable lors de l&rsquo;engagement des forces arm\u00e9es fran\u00e7aises, disponible en ligne au lien suivant :<\/p>\n<p>&nbsp;<\/p>\n<p style=\"text-align: center;\"><em><strong><a href=\"http:\/\/institutvilley.com\/wp-content\/uploads\/2021\/12\/article_laureat_carcassonne-vdef.pdf\">De quel droit la force arm\u00e9e est-elle engag\u00e9e ? Pour une paix avec la notion de guerre<\/a><\/strong><\/em><\/p>\n<p>&nbsp;<\/p>\n<p>&nbsp;<\/p>\n","protected":false},"excerpt":{"rendered":"<p>L&rsquo;Institut Michel Villey a le plaisir d&rsquo;annoncer la d\u00e9signation de [&hellip;]<\/p>\n","protected":false},"author":1,"featured_media":0,"comment_status":"closed","ping_status":"open","sticky":false,"template":"","format":"standard","meta":{"footnotes":""},"categories":[54],"tags":[],"_links":{"self":[{"href":"https:\/\/institutvilley.com\/index.php?rest_route=\/wp\/v2\/posts\/2492"}],"collection":[{"href":"https:\/\/institutvilley.com\/index.php?rest_route=\/wp\/v2\/posts"}],"about":[{"href":"https:\/\/institutvilley.com\/index.php?rest_route=\/wp\/v2\/types\/post"}],"author":[{"embeddable":true,"href":"https:\/\/institutvilley.com\/index.php?rest_route=\/wp\/v2\/users\/1"}],"replies":[{"embeddable":true,"href":"https:\/\/institutvilley.com\/index.php?rest_route=%2Fwp%2Fv2%2Fcomments&post=2492"}],"version-history":[{"count":3,"href":"https:\/\/institutvilley.com\/index.php?rest_route=\/wp\/v2\/posts\/2492\/revisions"}],"predecessor-version":[{"id":2496,"href":"https:\/\/institutvilley.com\/index.php?rest_route=\/wp\/v2\/posts\/2492\/revisions\/2496"}],"wp:attachment":[{"href":"https:\/\/institutvilley.com\/index.php?rest_route=%2Fwp%2Fv2%2Fmedia&parent=2492"}],"wp:term":[{"taxonomy":"category","embeddable":true,"href":"https:\/\/institutvilley.com\/index.php?rest_route=%2Fwp%2Fv2%2Fcategories&post=2492"},{"taxonomy":"post_tag","embeddable":true,"href":"https:\/\/institutvilley.com\/index.php?rest_route=%2Fwp%2Fv2%2Ftags&post=2492"}],"curies":[{"name":"wp","href":"https:\/\/api.w.org\/{rel}","templated":true}]}}