{"id":2470,"date":"2021-12-04T14:05:08","date_gmt":"2021-12-04T14:05:08","guid":{"rendered":"http:\/\/institutvilley.com\/?p=2470"},"modified":"2021-12-04T14:10:52","modified_gmt":"2021-12-04T14:10:52","slug":"o-beaud-le-savoir-en-danger-menaces-sur-la-liberte-academique-paris-puf-2021","status":"publish","type":"post","link":"https:\/\/institutvilley.com\/?p=2470","title":{"rendered":"O. Beaud, Le savoir en danger. Menaces sur la libert\u00e9 acad\u00e9mique, Paris, PUF, 2021"},"content":{"rendered":"<h2 class=\"pa-titre\" style=\"text-align: center;\">Le savoir en danger<\/h2>\n<h3 class=\"pa-subtitle\" style=\"text-align: center;\">Menaces sur la libert\u00e9 acad\u00e9mique<\/h3>\n<p>&nbsp;<\/p>\n<p><img loading=\"lazy\" decoding=\"async\" class=\"cboxPhoto alignleft\" title=\"Le savoir en danger. Menaces sur la libert\u00e9 acad\u00e9mique\" src=\"https:\/\/www.puf.com\/sites\/default\/files\/styles\/ouvrage_couverture_zoom\/public\/1634002215_9782130826842_v100.jpg?itok=MNoedo9P\" alt=\"Le savoir en danger. Menaces sur la libert\u00e9 acad\u00e9mique\" width=\"327\" height=\"464\" \/><\/p>\n<p>La libert\u00e9 acad\u00e9mique, essentielle au d\u00e9veloppement du savoir, est menac\u00e9e dans le monde entier et en France en particulier. C\u2019est ce qu\u2019explore ici magistralement Olivier Beaud, \u00e0 la fois par une r\u00e9flexion sur la notion de libert\u00e9 acad\u00e9mique, tr\u00e8s mal connue en France, et une enqu\u00eate sur les menaces qui la visent.\u00a0Consubstantielle \u00e0 l\u2019id\u00e9e m\u00eame d\u2019universit\u00e9 moderne, cette notion se distingue de la libert\u00e9 d\u2019expression, ce que nous rappellent deux \u00e9v\u00e9nements historiques, le maccarthysme aux \u00c9tats-Unis et Mai-68 en France, au cours desquels la libert\u00e9 acad\u00e9mique s\u2019est trouv\u00e9e fort malmen\u00e9e. Mais le plus urgent est encore de prendre la mesure des menaces qui p\u00e8sent lourdement aujourd\u2019hui sur la libert\u00e9 acad\u00e9mique, qu\u2019elles proviennent de pouvoirs \u00ab\u2009classiques\u2009\u00bb (politique, administratif et \u00e9conomique) ou de \u00ab\u2009nouveaux\u2009\u00bb pouvoirs r\u00e9sultant de la lutte contre le terrorisme, de l\u2019utili\u00adsation abusive d\u2019internet et de la promotion des causes identitaires, visibles dans le mouvement de la cancel culture. Ce livre d\u00e9montre que de telles menaces d\u00e9passent la seule question de l\u2019islamo-gauchisme qui a accapar\u00e9 \u00e0 tort l\u2019attention des m\u00e9dias.\u00a0\u00c0 travers l\u2019examen de ces inqui\u00e9tantes d\u00e9rives, cet ouvrage est un plaidoyer vibrant et document\u00e9 en faveur du m\u00e9tier de professeur d\u2019universit\u00e9.<\/p>\n<p>&nbsp;<\/p>\n<h2 style=\"text-align: center;\">Sommaire<\/h2>\n<p style=\"padding-left: 30px;\">Introduction<\/p>\n<p style=\"text-align: center;\"><strong>Concept et histoire de la libert\u00e9 acad\u00e9mique<\/strong><\/p>\n<p>&nbsp;<\/p>\n<p><strong>Chapitre 1.\u2002Variations sur le concept de libert\u00e9 acad\u00e9mique<\/strong><\/p>\n<p style=\"padding-left: 30px;\">I \u2013 Aux sources intellectuelles de la libert\u00e9 acad\u00e9mique : les textes canoniques<\/p>\n<p style=\"padding-left: 30px;\">II \u2013 Qui jouit de la libert\u00e9 acad\u00e9mique ? Conception large et conception \u00e9troite de la libert\u00e9 acad\u00e9mique<\/p>\n<p style=\"padding-left: 30px;\">III \u2013 La singularit\u00e9 de la libert\u00e9 acad\u00e9mique : une libert\u00e9 professionnelle<\/p>\n<p style=\"padding-left: 30px;\">IV \u2013 Limites et limitations de la libert\u00e9 acad\u00e9mique<\/p>\n<p style=\"padding-left: 30px;\">V \u2013 La justification d\u00e9licate de la libert\u00e9 acad\u00e9mique<\/p>\n<p><strong>Chapitre 2.\u2002Libert\u00e9 acad\u00e9mique et libert\u00e9 d\u2019expression : une distinction d\u00e9licate, mais n\u00e9cessaire<\/strong><\/p>\n<p style=\"padding-left: 30px;\">I \u2013 L\u2019assimilation de la libert\u00e9 acad\u00e9mique \u00e0 la libert\u00e9 d\u2019expression<\/p>\n<p style=\"padding-left: 30px;\">II \u2013 N\u00e9cessit\u00e9 de la distinction entre libert\u00e9 acad\u00e9mique et libert\u00e9 d\u2019expression<\/p>\n<p style=\"padding-left: 30px;\">III \u2013 Le contenu concret de la libert\u00e9 d\u2019expression d\u2019un professeur en action<\/p>\n<p style=\"padding-left: 30px;\">IV \u2013 La libert\u00e9 acad\u00e9mique et les deux formes de libert\u00e9 d\u2019expression<\/p>\n<p style=\"padding-left: 30px;\">V \u2013 Illustrations de la diff\u00e9rence entre les deux types de libert\u00e9 d\u2019expression<\/p>\n<p><strong>Chapitre 3.\u2002La libert\u00e9 acad\u00e9mique aux prises avec le communisme : le cas du maccarthysme<\/strong><\/p>\n<p style=\"padding-left: 30px;\">I \u2013 Le maccarthysme, \u00ab anatomie d\u2019une inquisition \u00bb<\/p>\n<p style=\"padding-left: 30px;\">II \u2013 Le serment de Berkeley et le refus de le signer par Ernst Kantorowicz<\/p>\n<p><strong>Chapitre 4.\u2002Mai-68, ou la libert\u00e9 acad\u00e9mique malmen\u00e9e<\/strong><\/p>\n<p style=\"padding-left: 30px;\">I \u2013 L\u2019analyse lucide de John Searle sur les sixties et Mai-68<\/p>\n<p style=\"padding-left: 30px;\">II \u2013 L\u2019\u00e9quivalent de Searle pour Mai-68 : Ren\u00e9 R\u00e9mond<\/p>\n<p style=\"padding-left: 30px;\">III \u2013 Retour sur le moment 68 \u00e0 Nanterre : le regard d\u00e9sabus\u00e9 des administrateurs<\/p>\n<p style=\"padding-left: 30px;\">IV \u2013 Nanterre apr\u00e8s Mai-68 : retour sur le d\u00e9canat de Paul Ric\u0153ur<\/p>\n<p style=\"padding-left: 30px;\">V \u2013 L\u2019attitude contrast\u00e9e des professeurs face \u00e0 la contestation \u00e9tudiante<\/p>\n<p style=\"padding-left: 30px;\">VI \u2013 Un oubli frappant : le silence sur la libert\u00e9 acad\u00e9mique<\/p>\n<p>&nbsp;<\/p>\n<p style=\"text-align: center;\"><strong>La r\u00e9surgence d\u2019anciennes menaces<\/strong><\/p>\n<p>&nbsp;<\/p>\n<p><strong>Chapitre 5.\u2002L\u2019inqui\u00e9tante r\u00e9activation de l\u2019ing\u00e9rence du pouvoir \u00ab politique \u00bb<\/strong><\/p>\n<p style=\"padding-left: 30px;\">I \u2013 Deux cas d\u2019ing\u00e9rence politique peu connus<\/p>\n<p style=\"padding-left: 30px;\">II \u2013 La querelle sur \u00ab l\u2019islamo-gauchisme \u00bb \u00e0 l\u2019universit\u00e9 et son rapport avec la libert\u00e9 acad\u00e9mique<\/p>\n<p><strong>Chapitre 6.\u2002L\u2019Administration de l\u2019Universit\u00e9 et ses entraves \u00e0 la libert\u00e9 acad\u00e9mique<\/strong><\/p>\n<p style=\"padding-left: 30px;\">I \u2013 L\u2019autoritarisme des pr\u00e9sidents d\u2019universit\u00e9<\/p>\n<p style=\"padding-left: 30px;\">II \u2013 La \u00ab caporalisation \u00bb en marche : les \u00e9coles doctorales comme exemple<\/p>\n<p style=\"padding-left: 30px;\">III \u2013 La caporalisation (suite) : les centres de recherche<\/p>\n<p style=\"padding-left: 30px;\">IV \u2013 Le harc\u00e8lement par l\u2019administration universitaire : plong\u00e9e dans la vie quotidienne des professeurs fran\u00e7ais<\/p>\n<p style=\"padding-left: 30px;\">V \u2013 Examens \u00e0 distance : l\u2019affaire de Reims, ou le bras de fer entre l\u2019administration et certains universitaires<\/p>\n<p><strong>Chapitre 7.\u2002Les diverses formes de la menace \u00e9conomique<\/strong><\/p>\n<p style=\"padding-left: 30px;\">I \u2013 Quand le financement public limite la libert\u00e9 de la recherche<\/p>\n<p style=\"padding-left: 30px;\">II \u2013 Une forme \u00e9conomique d\u2019intimidation : les \u00ab proc\u00e8s-baillons \u00bb intent\u00e9s par les entreprises contre les professeurs<\/p>\n<p>&nbsp;<\/p>\n<p style=\"text-align: center;\"><strong>Les nouvelles menaces envers la libert\u00e9 acad\u00e9mique<\/strong><\/p>\n<p>&nbsp;<\/p>\n<p><strong>Chapitre 8.\u2002Les historiens au c\u0153ur du conflit sur les archives : libert\u00e9 de recherche contre secret-d\u00e9fense<\/strong><\/p>\n<p style=\"padding-left: 30px;\">I \u2013 Quand des chercheurs sont priv\u00e9s de leur mat\u00e9riau de recherche : la guerre des archives<\/p>\n<p style=\"padding-left: 30px;\">II \u2013 La lutte des historiens contre la bureaucratie d\u2019\u00c9tat<\/p>\n<p style=\"padding-left: 30px;\">III \u2013 La double port\u00e9e de cette affaire : raison d\u2019\u00c9tat et faiblesse du minist\u00e8re de l\u2019Enseignement sup\u00e9rieur<\/p>\n<p><strong>Chapitre 9.\u2002Interm\u00e8de : les \u00ab causes identitaires \u00bb comme menaces pour la libert\u00e9 acad\u00e9mique<\/strong><\/p>\n<p style=\"padding-left: 30px;\">Pourquoi les trois causes identitaires affectent la libert\u00e9 acad\u00e9mique<\/p>\n<p><strong>Chapitre 10.\u2002Quand la \u00ab cause des femmes \u00bb menace parfois la libert\u00e9 acad\u00e9mique<\/strong><\/p>\n<p style=\"padding-left: 30px;\">I \u2013 Les sciences dures confront\u00e9es au f\u00e9minisme<\/p>\n<p style=\"padding-left: 30px;\">II \u2013 Quand la lutte contre le harc\u00e8lement sexuel peut conduire \u00e0 menacer la libert\u00e9 acad\u00e9mique<\/p>\n<p style=\"padding-left: 30px;\">III \u2013 Le risque patent d\u2019instrumentalisation de la lutte contre le harc\u00e8lement sexuel<\/p>\n<p style=\"padding-left: 30px;\">IV \u2013 Quand les protestations contre le film<em> J\u2019accuse<\/em> de Polanski empi\u00e8tent sur la libert\u00e9 acad\u00e9mique<\/p>\n<p><strong>Chapitre 11.\u2002Le harc\u00e8lement par internet, ou un grave p\u00e9ril pour la libert\u00e9 acad\u00e9mique<\/strong><\/p>\n<p style=\"padding-left: 30px;\">I \u2013 L\u2019affaire de Paris I, ou quand le fait de critiquer le mariage pour tous en chaire conduit au \u00ab b\u00fbcher m\u00e9diatique \u00bb<\/p>\n<p style=\"padding-left: 30px;\">II \u2013 L\u2019affaire d\u2019Aix-en Provence, ou quand un professeur de droit est menac\u00e9 de mort<\/p>\n<p style=\"padding-left: 30px;\">III \u2013 Les campagnes de haine touchent aussi les tenants de la gauche acad\u00e9mique<\/p>\n<p>&nbsp;<\/p>\n<h2 style=\"text-align: center;\">R\u00e9f\u00e9rences<\/h2>\n<div><\/div>\n<div><\/div>\n<div class=\"field field-name-field-collection field-type-taxonomy-term-reference field-label-above\">\n<div>Titre : <em>Le savoir en danger. Menaces sur la libert\u00e9 acad\u00e9mique<\/em><\/div>\n<div>Auteur : Beaud, Olivier<\/div>\n<div class=\"field-label\"><span class=\"pa-isbn\">\u00c9diteur : <\/span><a href=\"https:\/\/univ-droit.fr\/editeur\/37897-presses-universitaires-de-france\" target=\"_blank\" rel=\"noopener\">Presses Universitaires de France<\/a><\/div>\n<div class=\"field-label\">Collection : <a href=\"https:\/\/www.puf.com\/Collections\/Hors_collection\">Hors collection<\/a><\/div>\n<\/div>\n<div class=\"field field-name-field-discipline field-type-taxonomy-term-reference field-label-above\">\n<div class=\"field-label\">Discipline : <a href=\"https:\/\/www.puf.com\/disciplines\/Droit_et_Science_politique\">Droit et Science politique<\/a><\/div>\n<div>\n<div class=\"commerce-product-field commerce-product-field-field-ouvrage-pages field-field-ouvrage-pages node-19326-product-field-ouvrage-pages\">\n<div class=\"field field-name-field-ouvrage-pages field-type-text field-label-above\">\n<div class=\"field-label\">Nombre de pages : 348<\/div>\n<\/div>\n<\/div>\n<div class=\"field field-name-fiend-ouvrage-hauteur field-name-fiend-ouvrage-largeur\">\n<div class=\"field-label\">Format :\u00a015 x 21.3 cm<\/div>\n<\/div>\n<\/div>\n<div class=\"field-label\">Parution : 27\/10\/2021<\/div>\n<div>ISBN : 978-2-1308-2684-2<\/div>\n<div>Prix conseill\u00e9 : 23 \u20ac<\/div>\n<div><\/div>\n<div style=\"text-align: center;\"><a href=\"https:\/\/www.puf.com\/content\/Le_savoir_en_danger_Menaces_sur_la_libert\u00e9_acad\u00e9mique\">Commander sur le site de l&rsquo;\u00e9diteur<\/a><\/div>\n<\/div>\n","protected":false},"excerpt":{"rendered":"<p>Le savoir en danger Menaces sur la libert\u00e9 acad\u00e9mique &nbsp; [&hellip;]<\/p>\n","protected":false},"author":1,"featured_media":0,"comment_status":"closed","ping_status":"open","sticky":false,"template":"","format":"standard","meta":{"footnotes":""},"categories":[26],"tags":[],"_links":{"self":[{"href":"https:\/\/institutvilley.com\/index.php?rest_route=\/wp\/v2\/posts\/2470"}],"collection":[{"href":"https:\/\/institutvilley.com\/index.php?rest_route=\/wp\/v2\/posts"}],"about":[{"href":"https:\/\/institutvilley.com\/index.php?rest_route=\/wp\/v2\/types\/post"}],"author":[{"embeddable":true,"href":"https:\/\/institutvilley.com\/index.php?rest_route=\/wp\/v2\/users\/1"}],"replies":[{"embeddable":true,"href":"https:\/\/institutvilley.com\/index.php?rest_route=%2Fwp%2Fv2%2Fcomments&post=2470"}],"version-history":[{"count":6,"href":"https:\/\/institutvilley.com\/index.php?rest_route=\/wp\/v2\/posts\/2470\/revisions"}],"predecessor-version":[{"id":2477,"href":"https:\/\/institutvilley.com\/index.php?rest_route=\/wp\/v2\/posts\/2470\/revisions\/2477"}],"wp:attachment":[{"href":"https:\/\/institutvilley.com\/index.php?rest_route=%2Fwp%2Fv2%2Fmedia&parent=2470"}],"wp:term":[{"taxonomy":"category","embeddable":true,"href":"https:\/\/institutvilley.com\/index.php?rest_route=%2Fwp%2Fv2%2Fcategories&post=2470"},{"taxonomy":"post_tag","embeddable":true,"href":"https:\/\/institutvilley.com\/index.php?rest_route=%2Fwp%2Fv2%2Ftags&post=2470"}],"curies":[{"name":"wp","href":"https:\/\/api.w.org\/{rel}","templated":true}]}}