{"id":2411,"date":"2021-10-04T10:45:23","date_gmt":"2021-10-04T10:45:23","guid":{"rendered":"http:\/\/institutvilley.com\/?p=2411"},"modified":"2021-10-04T10:45:23","modified_gmt":"2021-10-04T10:45:23","slug":"droit-philosophie-hors-serie-n-1-normativite-et-legitimite","status":"publish","type":"post","link":"https:\/\/institutvilley.com\/?p=2411","title":{"rendered":"Droit &#038; Philosophie &#8211; Hors-S\u00e9rie n\u00b0 1 \u00ab Normativit\u00e9 et l\u00e9gitimit\u00e9 \u00bb"},"content":{"rendered":"<p><img loading=\"lazy\" decoding=\"async\" class=\" wp-image-376 aligncenter\" src=\"http:\/\/institutvilley.com\/wp-content\/uploads\/2019\/02\/ban-DP.jpg\" sizes=\"(max-width: 600px) 100vw, 600px\" srcset=\"http:\/\/institutvilley.com\/wp-content\/uploads\/2019\/02\/ban-DP-200x28.jpg 200w, http:\/\/institutvilley.com\/wp-content\/uploads\/2019\/02\/ban-DP-300x42.jpg 300w, http:\/\/institutvilley.com\/wp-content\/uploads\/2019\/02\/ban-DP-400x55.jpg 400w, http:\/\/institutvilley.com\/wp-content\/uploads\/2019\/02\/ban-DP.jpg 600w\" alt=\"\" width=\"694\" height=\"96\" \/><\/p>\n<p>&nbsp;<\/p>\n<h1 style=\"text-align: center;\">Normativit\u00e9 et L\u00e9gitimit\u00e9<\/h1>\n<p style=\"text-align: center;\">Actes du colloque\u00a0\u00ab\u00a0Les rencontres de Themis et Sophia \u00bb<br \/>\norganis\u00e9 par Hania Kassoul et Alexis Cukier (Universit\u00e9 de Poitiers)<\/p>\n<p style=\"text-align: center;\"><a href=\"http:\/\/www.droitphilosophie.com\/volumes\/read\/17\">Cliquez ici pour acc\u00e9der au site internet (html)<\/a> \u00a0\u2013 \u00a0<a href=\"http:\/\/www.droitphilosophie.com\/uploads\/DPSH1-eBook.pdf\">Cliquez ici pour t\u00e9l\u00e9charger le eBook (pdf)<\/a><\/p>\n<p>&nbsp;<\/p>\n<h1 style=\"text-align: center;\">Sommaire<\/h1>\n<p>&nbsp;<\/p>\n<ul>\n<li>Hania Kassoul et Alexis Cukier : <a href=\"http:\/\/www.droitphilosophie.com\/article\/lecture\/avant-propos-295\"><em>Avant-propos<\/em><\/a><\/li>\n<li>Hania Kassoul : <a href=\"http:\/\/www.droitphilosophie.com\/article\/lecture\/la-norme-et-l-epreuve-de-legitimite-296\"><em>La norme et l\u2019\u00e9preuve de l\u00e9gitimit\u00e9<\/em><\/a><\/li>\n<li>Alexis Cukier : <a href=\"http:\/\/www.droitphilosophie.com\/article\/lecture\/normativite-et-legitimite-du-droit-du-travail-une-approche-de-philosophie-sociale-290\"><em>Normativit\u00e9 et l\u00e9gitimit\u00e9 du droit du travail. Une approche de philosophie sociale<\/em><\/a><\/li>\n<li>Pierre-Yves Quiviger : <a href=\"http:\/\/www.droitphilosophie.com\/article\/lecture\/rendre-raison-d-une-norme-juridique-legitimer-habiliter-expliquer-291\"><em>Rendre raison d\u2019une norme juridique : l\u00e9gitimer, habiliter, expliquer<\/em><\/a><\/li>\n<li>Michel Boudot : <a href=\"http:\/\/www.droitphilosophie.com\/article\/lecture\/ethique-doctrinale-rudimentaire-298\"><em>\u00c9thique doctrinale rudimentaire<\/em><\/a><\/li>\n<li>Gilles Marmasse : <a href=\"http:\/\/www.droitphilosophie.com\/article\/lecture\/pourquoi-obeissons-nous-aux-normes-juergen-habermas-et-la-tension-entre-efficience-et-legitimite-299\"><em>Pourquoi ob\u00e9issons-nous aux normes ? J\u00fcrgen Habermas et la tension entre efficience et l\u00e9gitimit\u00e9<\/em><\/a><\/li>\n<li>\u00c9lodie Djordjevic : <a href=\"http:\/\/www.droitphilosophie.com\/article\/lecture\/historicite-et-rationalite-du-droit-hegel-contre-savigny-300\"><em>Historicit\u00e9 et rationalit\u00e9 du droit : Hegel contre Savigny<\/em><\/a><\/li>\n<li>Vincent Forray et S\u00e9bastien Pimont : <a href=\"http:\/\/www.droitphilosophie.com\/article\/lecture\/droit-et-gouvernementalite-un-nouveau-droit-naturel-301\"><em>Droit et gouvernementalit\u00e9 : un nouveau droit naturel<\/em><\/a><\/li>\n<\/ul>\n<p>&nbsp;<\/p>\n<p>&nbsp;<\/p>\n<p style=\"text-align: center;\"><a href=\"http:\/\/www.droitphilosophie.com\/presentation-annuaire-institut-Michel-Villey\">D\u00e9couvrir de la revue<\/a> \u00a0\u2013\u00a0 <a href=\"http:\/\/droitphilosophie@gmail.com\/\">Proposer une publication<\/a>\u00a0 \u2013\u00a0 <a href=\"http:\/\/www.droitphilosophie.com\/contact\">Adresser un message<\/a><\/p>\n<p style=\"text-align: center;\"><a href=\"http:\/\/www.droitphilosophie.com\"><em>droitphilosophie.com<\/em><\/a><\/p>\n","protected":false},"excerpt":{"rendered":"<p>&nbsp; Normativit\u00e9 et L\u00e9gitimit\u00e9 Actes du colloque\u00a0\u00ab\u00a0Les rencontres de Themis [&hellip;]<\/p>\n","protected":false},"author":1,"featured_media":0,"comment_status":"open","ping_status":"open","sticky":false,"template":"","format":"standard","meta":{"footnotes":""},"categories":[25],"tags":[],"_links":{"self":[{"href":"https:\/\/institutvilley.com\/index.php?rest_route=\/wp\/v2\/posts\/2411"}],"collection":[{"href":"https:\/\/institutvilley.com\/index.php?rest_route=\/wp\/v2\/posts"}],"about":[{"href":"https:\/\/institutvilley.com\/index.php?rest_route=\/wp\/v2\/types\/post"}],"author":[{"embeddable":true,"href":"https:\/\/institutvilley.com\/index.php?rest_route=\/wp\/v2\/users\/1"}],"replies":[{"embeddable":true,"href":"https:\/\/institutvilley.com\/index.php?rest_route=%2Fwp%2Fv2%2Fcomments&post=2411"}],"version-history":[{"count":1,"href":"https:\/\/institutvilley.com\/index.php?rest_route=\/wp\/v2\/posts\/2411\/revisions"}],"predecessor-version":[{"id":2412,"href":"https:\/\/institutvilley.com\/index.php?rest_route=\/wp\/v2\/posts\/2411\/revisions\/2412"}],"wp:attachment":[{"href":"https:\/\/institutvilley.com\/index.php?rest_route=%2Fwp%2Fv2%2Fmedia&parent=2411"}],"wp:term":[{"taxonomy":"category","embeddable":true,"href":"https:\/\/institutvilley.com\/index.php?rest_route=%2Fwp%2Fv2%2Fcategories&post=2411"},{"taxonomy":"post_tag","embeddable":true,"href":"https:\/\/institutvilley.com\/index.php?rest_route=%2Fwp%2Fv2%2Ftags&post=2411"}],"curies":[{"name":"wp","href":"https:\/\/api.w.org\/{rel}","templated":true}]}}