{"id":2174,"date":"2021-01-20T16:09:54","date_gmt":"2021-01-20T16:09:54","guid":{"rendered":"http:\/\/institutvilley.com\/?p=2174"},"modified":"2021-01-28T16:14:36","modified_gmt":"2021-01-28T16:14:36","slug":"jus-politicum-n-25-les-doctrines-autoritaires-et-totalitaires-du-droit-constitutionnel-janvier-2021","status":"publish","type":"post","link":"https:\/\/institutvilley.com\/?p=2174","title":{"rendered":"Jus Politicum \u2013 N\u00b0 25, \u00ab Les doctrines autoritaires et totalitaires du droit constitutionnel \u00bb, janvier 2021"},"content":{"rendered":"<h2><img loading=\"lazy\" decoding=\"async\" class=\"aligncenter wp-image-374 size-full\" src=\"http:\/\/institutvilley.com\/wp-content\/uploads\/2019\/02\/header.jpg\" alt=\"\" width=\"1170\" height=\"161\" srcset=\"https:\/\/institutvilley.com\/wp-content\/uploads\/2019\/02\/header-200x28.jpg 200w, https:\/\/institutvilley.com\/wp-content\/uploads\/2019\/02\/header-300x41.jpg 300w, https:\/\/institutvilley.com\/wp-content\/uploads\/2019\/02\/header-400x55.jpg 400w, https:\/\/institutvilley.com\/wp-content\/uploads\/2019\/02\/header-600x83.jpg 600w, https:\/\/institutvilley.com\/wp-content\/uploads\/2019\/02\/header-768x106.jpg 768w, https:\/\/institutvilley.com\/wp-content\/uploads\/2019\/02\/header-800x110.jpg 800w, https:\/\/institutvilley.com\/wp-content\/uploads\/2019\/02\/header-1024x141.jpg 1024w, https:\/\/institutvilley.com\/wp-content\/uploads\/2019\/02\/header.jpg 1170w\" sizes=\"(max-width: 1170px) 100vw, 1170px\" \/><\/h2>\n<h2 style=\"text-align: center;\"><strong><em>Jus Politicum <\/em><\/strong><strong>n<sup>o<\/sup>\u00a025<\/strong> (janvier 2021)<\/h2>\n<h3 style=\"text-align: center;\"><strong>Les doctrines autoritaires et totalitaires du droit constitutionnel<\/strong><\/h3>\n<p style=\"text-align: center;\"><a href=\"http:\/\/juspoliticum.com\/numero\/Les-doctrines-autoritaires-et-totalitaires-du-droit-constitutionnel-78.html\">Cliquez ici pour acc\u00e9der \u00e0 la version internet<\/a> \u2013 <a href=\"http:\/\/juspoliticum.com\/uploads\/jp25_ebook.pdf\">Cliquez ici pour t\u00e9l\u00e9charger le eBook (pdf)<\/a><\/p>\n<h4><strong>Les doctrines autoritaires et totalitaires du droit constitutionnel<\/strong><\/h4>\n<ul>\n<li>Olivier Jouanjan : <a href=\"http:\/\/juspoliticum.com\/article\/Presentation-1367.html\"><em>Pr\u00e9sentation<\/em><\/a><\/li>\n<li>Lucien Jaume : <a href=\"http:\/\/juspoliticum.com\/article\/L-idee-de-democratie-autoritaire-Quelques-reflexions-1365.html\"><em>L\u2019id\u00e9e de d\u00e9mocratie autoritaire : Quelques r\u00e9flexions<\/em><\/a><\/li>\n<li>Oscar Ferreira : <a href=\"http:\/\/juspoliticum.com\/article\/Un-heritage-indicible-du-constitutionnalisme-octroye-La-doctrine-constitutionnelle-eclectique-des-cathedocrates-sous-l-Etat-Nouveau-portugais-1349.html\"><em>Un h\u00e9ritage indicible du constitutionnalisme octroy\u00e9 ? La doctrine constitutionnelle \u00e9clectique des cath\u00e9docrates sous l\u2019\u00c9tat Nouveau portugais<\/em><\/a><\/li>\n<li>Bernardo Sordi : <a href=\"http:\/\/juspoliticum.com\/article\/Droit-constitutionnel-et-droit-administratif-sous-le-fascisme-1366.html\"><em>Droit constitutionnel et droit administratif sous le fascisme<\/em><\/a><\/li>\n<li>Louis Terracol : <a href=\"http:\/\/juspoliticum.com\/article\/La-doctrine-de-Vichy-Penser-la-legalite-et-la-legitimite-autour-de-l-autorite-1364.html\"><em>La doctrine de Vichy. Penser la l\u00e9galit\u00e9 et la l\u00e9gitimit\u00e9 autour de l\u2019autorit\u00e9<\/em><\/a><\/li>\n<li>Baptiste Bianchi : <a href=\"http:\/\/juspoliticum.com\/article\/Le-destin-de-la-theorie-du-deperissement-de-l-Etat-De-la-formation-du-marxisme-russe-a-la-derive-totalitaire-du-regime-sovietique-1353.html\"><em>Le destin de la th\u00e9orie du d\u00e9p\u00e9rissement de l\u2019\u00c9tat. De la formation du marxisme russe \u00e0 la d\u00e9rive totalitaire du r\u00e9gime sovi\u00e9tique<\/em><\/a><\/li>\n<li>Olivier Jouanjan : <a href=\"http:\/\/juspoliticum.com\/article\/Dialectique-de-la-concretude-Doctrine-juridique-et-constitutionnelle-en-Republique-democratique-allemande-1368.html\"><em>Dialectique de la concr\u00e9tude. Doctrine juridique et constitutionnelle en R\u00e9publique d\u00e9mocratique allemande<\/em><\/a><\/li>\n<li>G\u00e1bor Halmai\u00a0: <a href=\"http:\/\/juspoliticum.com\/article\/Illiberal-Constitutional-Theories-1350.html\"><em>Illiberal Constitutional Theories<\/em><\/a><\/li>\n<\/ul>\n<h4>Autour de J.-M. Denquin, <em>Penser le droit constitutionnel<\/em><\/h4>\n<ul>\n<li>Bruno Daugeron\u00a0: <a href=\"http:\/\/juspoliticum.com\/article\/Presentation-1361.html\"><em>Pr\u00e9sentation<\/em><\/a><\/li>\n<li>Jean-Marie Denquin\u00a0: <a href=\"http:\/\/juspoliticum.com\/article\/Penser-le-droit-constitutionnel-1354.html\"><em>Penser le droit constitutionnel ?<\/em><\/a><\/li>\n<li>Manon Altwegg-Boussac\u00a0: <a href=\"http:\/\/juspoliticum.com\/article\/Faire-apparaitre-l-objet-constitutionnel-A-propos-de-l-ouvrage-Penser-le-droit-constitutionnel-de-Jean-Marie-Denquin-1355.html\"><em>Faire appara\u00eetre l\u2019objet constitutionnel. \u00c0 propos de l\u2019ouvrage <\/em>Penser le droit constitutionnel<em> de Jean-Marie Denquin<\/em><\/a><\/li>\n<li>V\u00e9ronique Champeil-Desplats\u00a0: <a href=\"http:\/\/juspoliticum.com\/article\/A-propos-du-livre-reunissant-quelques-articles-choisis-de-Jean-Marie-Denquin-1357.html\"><em>\u00c0 propos du livre r\u00e9unissant quelques articles choisis de Jean-Marie Denquin<\/em><\/a><\/li>\n<li>Thibault Guilluy\u00a0: <a href=\"http:\/\/juspoliticum.com\/article\/A-propos-de-Penser-le-droit-constitutionnel-L-apport-de-Jean-Marie-Denquin-a-la-doctrine-constitutionnaliste-1372.html\"><em>\u00c0 propos de <\/em>Penser le droit constitutionnel<em>. L\u2019apport de Jean-Marie Denquin \u00e0 la doctrine constitutionnaliste<\/em><\/a><\/li>\n<li>Fr\u00e9d\u00e9ric Rouvillois\u00a0: <a href=\"http:\/\/juspoliticum.com\/article\/Denquin-et-les-idoles-1352.html\"><em>Denquin et les idoles<\/em><\/a><\/li>\n<li>Alexandre Viala\u00a0: <a href=\"http:\/\/juspoliticum.com\/article\/Jean-Marie-Denquin-face-aux-mutations-contemporaines-du-constitutionnalisme-1356.html\"><em>Jean-Marie Denquin face aux mutations contemporaines du constitutionnalisme<\/em><\/a><\/li>\n<li><a href=\"http:\/\/juspoliticum.com\/article\/Penser-le-droit-constitutionnel-Dialogues-1373.html\"><em>Penser le droit constitutionnel. Dialogues<\/em><\/a><\/li>\n<\/ul>\n<h4><em><strong>Varia<\/strong><\/em><\/h4>\n<ul>\n<li>Thibault Desmoulins\u00a0: <a href=\"http:\/\/juspoliticum.com\/article\/La-formalisation-du-presidentialisme-sous-la-Ve-Republique-Le-Conseil-de-defense-et-de-securite-nationale-1375.html\"><em>La formalisation du pr\u00e9sidentialisme sous la V<sup>e<\/sup> R\u00e9publique : Le Conseil de d\u00e9fense et de s\u00e9curit\u00e9 nationale<\/em><\/a><\/li>\n<li>Micka\u00ebl Lavaine\u00a0: <a href=\"http:\/\/juspoliticum.com\/article\/Du-liberalisme-au-neoliberalisme-dans-la-jurisprudence-administrative-de-l-entre-deux-guerres-1369.html\"><em>Du lib\u00e9ralisme au n\u00e9olib\u00e9ralisme dans la jurisprudence administrative de l\u2019entre-deux guerres<\/em><\/a><\/li>\n<li>Nicolas Thi\u00e9baut\u00a0: <a href=\"http:\/\/juspoliticum.com\/article\/La-separation-physique-des-pouvoirs-sous-les-regimes-preparlementaires-1358.html\"><em>La s\u00e9paration \u00ab physique \u00bb des pouvoirs sous les r\u00e9gimes pr\u00e9parlementaires<\/em><\/a><\/li>\n<\/ul>\n<h4><strong>Recensions<\/strong><\/h4>\n<ul>\n<li>Olivier Beaud\u00a0: <a href=\"http:\/\/juspoliticum.com\/article\/V-Fritz-Juges-et-avocats-generaux-de-la-Cour-de-justice-de-l-Union-europeenne-1952-1972-2018-1359.html\"><em> Fritz, <\/em>Juges et avocats g\u00e9n\u00e9raux de la Cour de justice de l\u2019Union europ\u00e9enne (1952-1972)<em> (2018)<\/em><\/a><\/li>\n<li>Lucien Carrier\u00a0: <a href=\"http:\/\/juspoliticum.com\/article\/R-Schuetze-et-S-Tierney-dir-The-United-Kingdom-and-the-Federal-Idea-2018-1360.html\"><em> Sch\u00fctze et S. Tierney (dir.), <\/em>The United Kingdom and the Federal Idea <em>(2018)<\/em><\/a><\/li>\n<li>Franck Laffaille\u00a0: <a href=\"http:\/\/juspoliticum.com\/article\/L-aube-du-droit-constitutionnel-A-Le-Quino-et-T-Santolini-dir-Trois-precurseurs-italiens-du-droit-constitutionnel-2019-1370.html\"><em>L\u2019aube du droit constitutionnel. A. Le Quino et T. Santolini (dir.), <\/em>Trois pr\u00e9curseurs italiens du droit constitutionnel<em> (2019)<\/em><\/a><\/li>\n<li>\u00c9ric Thiers\u00a0: <a href=\"http:\/\/juspoliticum.com\/article\/E-Lemaire-dir-Les-groupes-parlementaires-2019-1371.html\"><em> Lemaire (dir.), <\/em>Les groupes parlementaires<em> (2019)<\/em><\/a><\/li>\n<\/ul>\n<h4><strong>M\u00e9moires<\/strong><\/h4>\n<ul>\n<li>Lo\u00efc Barillot\u00a0: <a href=\"http:\/\/juspoliticum.com\/article\/Le-contentieux-constitutionnel-de-l-etat-d-urgence-1362.html\"><em>Le contentieux constitutionnel de l\u2019\u00e9tat d\u2019urgence<\/em><\/a><\/li>\n<li>Joachim Tavoillot\u00a0: <a href=\"http:\/\/juspoliticum.com\/article\/Constitution-et-systeme-de-gouvernement-chez-Raymond-Carre-de-Malberg-1363.html\"><em>Constitution et syst\u00e8me de gouvernement chez Raymond Carr\u00e9 de Malberg<\/em><\/a><\/li>\n<\/ul>\n","protected":false},"excerpt":{"rendered":"<p>Jus Politicum no\u00a025 (janvier 2021) Les doctrines autoritaires et totalitaires [&hellip;]<\/p>\n","protected":false},"author":1,"featured_media":0,"comment_status":"open","ping_status":"open","sticky":false,"template":"","format":"standard","meta":{"footnotes":""},"categories":[24],"tags":[],"_links":{"self":[{"href":"https:\/\/institutvilley.com\/index.php?rest_route=\/wp\/v2\/posts\/2174"}],"collection":[{"href":"https:\/\/institutvilley.com\/index.php?rest_route=\/wp\/v2\/posts"}],"about":[{"href":"https:\/\/institutvilley.com\/index.php?rest_route=\/wp\/v2\/types\/post"}],"author":[{"embeddable":true,"href":"https:\/\/institutvilley.com\/index.php?rest_route=\/wp\/v2\/users\/1"}],"replies":[{"embeddable":true,"href":"https:\/\/institutvilley.com\/index.php?rest_route=%2Fwp%2Fv2%2Fcomments&post=2174"}],"version-history":[{"count":1,"href":"https:\/\/institutvilley.com\/index.php?rest_route=\/wp\/v2\/posts\/2174\/revisions"}],"predecessor-version":[{"id":2176,"href":"https:\/\/institutvilley.com\/index.php?rest_route=\/wp\/v2\/posts\/2174\/revisions\/2176"}],"wp:attachment":[{"href":"https:\/\/institutvilley.com\/index.php?rest_route=%2Fwp%2Fv2%2Fmedia&parent=2174"}],"wp:term":[{"taxonomy":"category","embeddable":true,"href":"https:\/\/institutvilley.com\/index.php?rest_route=%2Fwp%2Fv2%2Fcategories&post=2174"},{"taxonomy":"post_tag","embeddable":true,"href":"https:\/\/institutvilley.com\/index.php?rest_route=%2Fwp%2Fv2%2Ftags&post=2174"}],"curies":[{"name":"wp","href":"https:\/\/api.w.org\/{rel}","templated":true}]}}