{"id":2110,"date":"2020-05-01T14:48:11","date_gmt":"2020-05-01T14:48:11","guid":{"rendered":"http:\/\/institutvilley.com\/?p=2110"},"modified":"2021-01-28T16:09:32","modified_gmt":"2021-01-28T16:09:32","slug":"droit-philosophie-n-24-le-droit-politique-face-a-la-cinquieme-republique-mai-2020","status":"publish","type":"post","link":"https:\/\/institutvilley.com\/?p=2110","title":{"rendered":"Jus Politicum \u2013 N\u00b0 24, \u00ab Le droit politique face \u00e0 la Cinqui\u00e8me R\u00e9publique \u00bb, mai 2020"},"content":{"rendered":"<p><img loading=\"lazy\" decoding=\"async\" class=\"alignnone size-full wp-image-374\" src=\"http:\/\/institutvilley.com\/wp-content\/uploads\/2019\/02\/header.jpg\" alt=\"\" width=\"1170\" height=\"161\" srcset=\"https:\/\/institutvilley.com\/wp-content\/uploads\/2019\/02\/header-200x28.jpg 200w, https:\/\/institutvilley.com\/wp-content\/uploads\/2019\/02\/header-300x41.jpg 300w, https:\/\/institutvilley.com\/wp-content\/uploads\/2019\/02\/header-400x55.jpg 400w, https:\/\/institutvilley.com\/wp-content\/uploads\/2019\/02\/header-600x83.jpg 600w, https:\/\/institutvilley.com\/wp-content\/uploads\/2019\/02\/header-768x106.jpg 768w, https:\/\/institutvilley.com\/wp-content\/uploads\/2019\/02\/header-800x110.jpg 800w, https:\/\/institutvilley.com\/wp-content\/uploads\/2019\/02\/header-1024x141.jpg 1024w, https:\/\/institutvilley.com\/wp-content\/uploads\/2019\/02\/header.jpg 1170w\" sizes=\"(max-width: 1170px) 100vw, 1170px\" \/><\/p>\n<p>L\u2019Institut Villey a le plaisir d\u2019annoncer la parution du n\u00b0 24 de <em>Jus Politicum<\/em> autour de \u00ab Le droit politique face \u00e0 la Cinqui\u00e8me R\u00e9publique \u00bb.<\/p>\n<p>Ce num\u00e9ro est disponible \u00e0 l\u2019adresse suivante : <a href=\"http:\/\/juspoliticum.com\/numero\/Le-droit-politique-face-a-la-Cinquieme-Republique-77.html\">http:\/\/juspoliticum.com\/numero\/Trois-juristes-de-gauche-sous-Weimar-Heller-Neumann-Kirchheimer-76.html<\/a><\/p>\n<p>Il est \u00e9galement disponible sous forme d\u2019un <em>ebook<\/em> cliquable <a href=\"http:\/\/juspoliticum.com\/uploads\/jp24_ebook.pdf\"><strong>ici<\/strong><\/a>.<\/p>\n<h2 style=\"text-align: center;\">Sommaire<\/h2>\n<h3><strong><em>Le droit politique face \u00e0 la Ve R\u00e9publique<br \/>\n<\/em><\/strong><\/h3>\n<ul>\n<li>\n<div class=\"row\">\n<div class=\"col-md-12\">\n<div class=\"article-author\">\n<p>C\u00e9line Roynier, Elina Lemaire, C\u00e9cile Gu\u00e9rin-Bargues :<em>\u00a0<a href=\"http:\/\/juspoliticum.com\/article\/Propos-introductifs-1322.html\">Propos introductifs<\/a><\/em><\/p>\n<\/div>\n<\/div>\n<\/div>\n<\/li>\n<\/ul>\n<h4><a class=\"jp-link selected\"><i>I. Comment comprendre le droit politique ?<\/i><\/a><\/h4>\n<ul>\n<li>Olivier Beaud : <a href=\"http:\/\/juspoliticum.com\/article\/Faire-du-droit-constitutionnel-un-droit-politique-La-these-de-Jean-Rossetto-1323.html\"><em>Faire du droit constitutionnel un droit politique : La th\u00e8se de Jean Rossetto<\/em><\/a><\/li>\n<li>Olivier Jouanjan : <a href=\"http:\/\/juspoliticum.com\/article\/La-notion-du-politique-concept-cle-de-l-oeuvre-constitutionnelle-d-Ernst-Wolfgang-Boeckenfoerde-1324.html\"><em>La notion du politique, concept-cl\u00e9 de l\u2019\u0153uvre constitutionnelle d\u2019Ernst-Wolfgang B\u00f6ckenf\u00f6rde<\/em><\/a><\/li>\n<li>Jacky Hummel : <a href=\"http:\/\/juspoliticum.com\/article\/L-institution-gouvernementale-au-sein-d-une-Republique-administrative-Une-lecture-haurioutiste-de-l-article-20-1325.html\"><em>L\u2019institution gouvernementale au sein d\u2019une R\u00e9publique administrative. Une lecture haurioutiste de l\u2019article 20<\/em><\/a><\/li>\n<li>Manon Altwegg-Boussac : <a href=\"http:\/\/juspoliticum.com\/article\/Le-droit-politique-des-concepts-et-des-formes-1326.html\"><em>Le droit politique, des concepts et des formes<\/em><\/a><\/li>\n<li>Eleonora Bottini : <a href=\"http:\/\/juspoliticum.com\/article\/Le-droit-politique-et-le-depassement-de-la-sanction-en-droit-constitutionnel-1327.html\"><em>Le droit politique et le d\u00e9passement de la sanction en droit constitutionnel<\/em><\/a><\/li>\n<li>Arnaud Le Pillouer : <a href=\"http:\/\/juspoliticum.com\/article\/Droit-politique-et-Realisme-nanterrois-Considerations-sur-la-methode-et-l-objet-du-droit-constitutionnel-1328.html\"><em>\u00ab Droit politique \u00bb et \u00ab R\u00e9alisme nanterrois \u00bb. Consid\u00e9rations sur la m\u00e9thode et l\u2019objet du droit constitutionnel<\/em><\/a><\/li>\n<li>Renaud Baumert : <a href=\"http:\/\/juspoliticum.com\/article\/En-relisant-Pierre-Avril-Penser-le-droit-politique-2018-1329.html\"><em>En relisant Pierre Avril, \u00ab Penser le droit politique \u00bb (2018)<\/em><\/a><\/li>\n<\/ul>\n<h4><a class=\"jp-link\"><i>II. Le droit politique, r\u00e9v\u00e9lateur de ph\u00e9nom\u00e8nes et de concepts<\/i><\/a><\/h4>\n<ul>\n<li>Elina Lemaire : <a href=\"http:\/\/juspoliticum.com\/article\/Naissance-consecration-et-disparition-d-une-convention-de-la-Constitution-L-exemple-de-la-reserve-parlementaire-1331.html\"><em>Naissance, cons\u00e9cration et disparition (?) d\u2019une convention de la Constitution. L\u2019exemple de la \u00ab r\u00e9serve parlementaire \u00bb<\/em><\/a><\/li>\n<li>\u00c9ric Buge :\u00a0<a href=\"http:\/\/juspoliticum.com\/article\/Naissance-consecration-et-disparition-d-une-convention-de-la-Constitution-L-exemple-de-la-reserve-parlementaire-1331.html\"><em>Argent et Ve R\u00e9publique. Du non-droit au droit ?<\/em><\/a><\/li>\n<li>C\u00e9line Roynier et C\u00e9cile Bargues : <a href=\"http:\/\/juspoliticum.com\/article\/L-Executif-sous-tension-Les-enseignements-de-Mai-68-1333.html\"><em>L\u2019Ex\u00e9cutif sous tension. Les enseignements de Mai 68<\/em><\/a><\/li>\n<li>Jean-Marie Denquin : <a href=\"http:\/\/juspoliticum.com\/article\/Constitution-politique-et-fait-majoritaire-1334.html\"><em>Constitution politique et fait majoritaire<\/em><\/a><\/li>\n<li>Pierre-Marie Raynal : <a href=\"http:\/\/juspoliticum.com\/article\/Les-enjeux-institutionnels-du-savoir-politique-sous-la-Ve-Republique-1336.html\"><em>Les enjeux institutionnels du savoir politique sous la Ve R\u00e9publique<\/em><\/a><\/li>\n<\/ul>\n<h4><a class=\"jp-link\"><i>III. D\u00e9bats<\/i><\/a><\/h4>\n<ul>\n<li><a href=\"http:\/\/juspoliticum.com\/article\/Le-droit-politique-au-prisme-des-conventions-de-la-constitution-Debats-1337.html\"><em>Le droit politique au prisme des conventions de la constitution : D\u00e9bats<\/em><\/a><\/li>\n<\/ul>\n<h3><strong>Varia<\/strong><\/h3>\n<ul>\n<li>Renaud Baumert : <em><a href=\"http:\/\/juspoliticum.com\/article\/Les-programmes-doctrinaux-en-droit-constitutionnel-1338.html\">Les programmes doctrinaux en droit constitutionnel<\/a><\/em><\/li>\n<li>\u00c9ric Buge : <a href=\"http:\/\/juspoliticum.com\/article\/La-myopie-des-democraties-Les-Parlements-face-aux-enjeux-de-long-terme-1339.html\"><em>La myopie des d\u00e9mocraties. Les Parlements face aux enjeux de long terme<\/em><\/a><\/li>\n<li>J\u00e9r\u00f4me De Stefano : <a href=\"http:\/\/juspoliticum.com\/article\/Entre-le-sujet-et-le-citoyen-Le-citoyen-francais-residant-aux-colonies-1340.html\"><em>Entre le sujet et le citoyen. Le citoyen fran\u00e7ais r\u00e9sidant aux colonies<\/em><\/a><\/li>\n<li>Julien Jeanneney : <a href=\"http:\/\/juspoliticum.com\/article\/La-Revolution-mise-en-ordre-Sur-la-pensee-constitutionnelle-de-Roederer-1341.html\"><em>La R\u00e9volution mise en ordre. Sur la pens\u00e9e constitutionnelle de R\u0153derer<\/em><\/a><\/li>\n<li>Renan Le Mestre : <a href=\"http:\/\/juspoliticum.com\/article\/Westminster-sur-la-Liffey-L-influence-ambigue-du-modele-constitutionnel-britannique-sur-le-systeme-constitutionnel-irlandais-1342.html\"><em>Westminster sur la Liffey. L\u2019influence ambigu\u00eb du mod\u00e8le constitutionnel britannique sur le syst\u00e8me constitutionnel irlandais<\/em><\/a><\/li>\n<\/ul>\n<h3><strong><em>Notes de lecture<\/em><\/strong><\/h3>\n<ul>\n<li>Annette De Moura et J\u00e9r\u00f4me De Stefano : <a href=\"http:\/\/juspoliticum.com\/article\/O-Cayla-et-J-L-Halperin-dir-Neo-ou-retroconstitutionnalismes-R-evolution-des-democraties-constitutionnelles-1989-2015-2018-1343.html\"><em>O. Cayla et J.-L. Halp\u00e9rin (dir.), N\u00e9o ou r\u00e9troconstitutionnalismes ? (R)\u00e9volution des d\u00e9mocraties constitutionnelles (1989-2015) (2018)<\/em><\/a><\/li>\n<li>\u00c9douard Dubout : <a href=\"http:\/\/juspoliticum.com\/article\/C-Jouin-dir-La-Constitution-materielle-de-l-Europe-2019-1344.html\"><em>C. Jouin (dir.), La Constitution mat\u00e9rielle de l\u2019Europe (2019)<\/em><\/a><\/li>\n<li>Patricia Rrapi : <a class=\"jp-link\" href=\"http:\/\/juspoliticum.com\/article\/A-la-recherche-de-la-loi-perdue-A-propos-de-Th-Hochmann-et-J-Reinhardt-dir-L-effet-horizontal-des-droits-fondamentaux-2018-1345.html\"><i>\u00c0 la recherche de la loi (perdue). \u00c0 propos de Th. Hochmann et J. Reinhardt (dir.), L\u2019effet horizontal des droits fondamentaux (2018)<\/i><\/a><\/li>\n<\/ul>\n<h3>M\u00e9moire<\/h3>\n<ul>\n<li>Marie Sissoko : <a class=\"jp-link\" href=\"http:\/\/juspoliticum.com\/article\/Brown-et-al-v-Board-of-Education-of-Topeka-et-al-347-U-S-483-1954-Un-mythe-jurisprudentiel-1346.html\"><i>Brown et al. v. Board of Education of Topeka et al. 347 U.S 483 (1954). Un mythe jurisprudentiel<\/i><\/a><\/li>\n<\/ul>\n","protected":false},"excerpt":{"rendered":"<p>L\u2019Institut Villey a le plaisir d\u2019annoncer la parution du n\u00b0 [&hellip;]<\/p>\n","protected":false},"author":1,"featured_media":0,"comment_status":"open","ping_status":"open","sticky":false,"template":"","format":"standard","meta":{"footnotes":""},"categories":[24],"tags":[],"_links":{"self":[{"href":"https:\/\/institutvilley.com\/index.php?rest_route=\/wp\/v2\/posts\/2110"}],"collection":[{"href":"https:\/\/institutvilley.com\/index.php?rest_route=\/wp\/v2\/posts"}],"about":[{"href":"https:\/\/institutvilley.com\/index.php?rest_route=\/wp\/v2\/types\/post"}],"author":[{"embeddable":true,"href":"https:\/\/institutvilley.com\/index.php?rest_route=\/wp\/v2\/users\/1"}],"replies":[{"embeddable":true,"href":"https:\/\/institutvilley.com\/index.php?rest_route=%2Fwp%2Fv2%2Fcomments&post=2110"}],"version-history":[{"count":5,"href":"https:\/\/institutvilley.com\/index.php?rest_route=\/wp\/v2\/posts\/2110\/revisions"}],"predecessor-version":[{"id":2172,"href":"https:\/\/institutvilley.com\/index.php?rest_route=\/wp\/v2\/posts\/2110\/revisions\/2172"}],"wp:attachment":[{"href":"https:\/\/institutvilley.com\/index.php?rest_route=%2Fwp%2Fv2%2Fmedia&parent=2110"}],"wp:term":[{"taxonomy":"category","embeddable":true,"href":"https:\/\/institutvilley.com\/index.php?rest_route=%2Fwp%2Fv2%2Fcategories&post=2110"},{"taxonomy":"post_tag","embeddable":true,"href":"https:\/\/institutvilley.com\/index.php?rest_route=%2Fwp%2Fv2%2Ftags&post=2110"}],"curies":[{"name":"wp","href":"https:\/\/api.w.org\/{rel}","templated":true}]}}