{"id":1697,"date":"2015-11-19T15:00:28","date_gmt":"2015-11-19T15:00:28","guid":{"rendered":"http:\/\/institutvilley.com\/?p=1697"},"modified":"2019-10-31T15:01:00","modified_gmt":"2019-10-31T15:01:00","slug":"communique-relatif-aux-attentats-du-13-novembre-2015","status":"publish","type":"post","link":"https:\/\/institutvilley.com\/?p=1697","title":{"rendered":"Communiqu\u00e9 relatif aux attentats du 13 novembre 2015"},"content":{"rendered":"<p>Profond\u00e9ment touch\u00e9s par les \u00e9v\u00e9nements dramatiques qui ont eu lieu vendredi 13 novembre 2015 \u00e0 Paris, nous souhaitons exprimer notre tr\u00e8s vive \u00e9motion et notre participation au deuil de toute la Nation. Notre Universit\u00e9 fait partie int\u00e9grante de la collectivit\u00e9 nationale. Parce qu\u2019elle accueille et forme la jeunesse, elle est aujourd\u2019hui frapp\u00e9e douloureusement. Certains de nos \u00e9tudiants, certains de nos enseignants ont \u00e9t\u00e9 atteints par ce drame. Nous leur rendons hommage, comme \u00e0 toutes les autres victimes.<\/p>\n<p><em>Olivier Beaud et Denis Baranger<\/em><i>, directeur et directeur-adjoint de l\u2019Institut Michel Villey (Universit\u00e9 Panth\u00e9on-Assas \u2013 Paris II)<\/i><\/p>\n<p><i>Beno\u00eet Plessix, directeur du Centre de Recherches en Droit Administratif (Universit\u00e9 Panth\u00e9on-Assas \u2013 Paris II)<\/i><\/p>\n<p><i>Bertrand Seiller, directeur de l\u2019\u00e9cole doctorale Georges Vedel (Universit\u00e9 Panth\u00e9on-Assas \u2013 Paris II)<\/i><\/p>\n","protected":false},"excerpt":{"rendered":"<p>Profond\u00e9ment touch\u00e9s par les \u00e9v\u00e9nements dramatiques qui ont eu lieu [&hellip;]<\/p>\n","protected":false},"author":1,"featured_media":0,"comment_status":"open","ping_status":"open","sticky":false,"template":"","format":"standard","meta":{"footnotes":""},"categories":[64],"tags":[],"_links":{"self":[{"href":"https:\/\/institutvilley.com\/index.php?rest_route=\/wp\/v2\/posts\/1697"}],"collection":[{"href":"https:\/\/institutvilley.com\/index.php?rest_route=\/wp\/v2\/posts"}],"about":[{"href":"https:\/\/institutvilley.com\/index.php?rest_route=\/wp\/v2\/types\/post"}],"author":[{"embeddable":true,"href":"https:\/\/institutvilley.com\/index.php?rest_route=\/wp\/v2\/users\/1"}],"replies":[{"embeddable":true,"href":"https:\/\/institutvilley.com\/index.php?rest_route=%2Fwp%2Fv2%2Fcomments&post=1697"}],"version-history":[{"count":1,"href":"https:\/\/institutvilley.com\/index.php?rest_route=\/wp\/v2\/posts\/1697\/revisions"}],"predecessor-version":[{"id":1698,"href":"https:\/\/institutvilley.com\/index.php?rest_route=\/wp\/v2\/posts\/1697\/revisions\/1698"}],"wp:attachment":[{"href":"https:\/\/institutvilley.com\/index.php?rest_route=%2Fwp%2Fv2%2Fmedia&parent=1697"}],"wp:term":[{"taxonomy":"category","embeddable":true,"href":"https:\/\/institutvilley.com\/index.php?rest_route=%2Fwp%2Fv2%2Fcategories&post=1697"},{"taxonomy":"post_tag","embeddable":true,"href":"https:\/\/institutvilley.com\/index.php?rest_route=%2Fwp%2Fv2%2Ftags&post=1697"}],"curies":[{"name":"wp","href":"https:\/\/api.w.org\/{rel}","templated":true}]}}