{"id":1628,"date":"2019-07-11T15:21:35","date_gmt":"2019-07-11T15:21:35","guid":{"rendered":"http:\/\/institutvilley.com\/?p=1628"},"modified":"2019-07-11T15:24:13","modified_gmt":"2019-07-11T15:24:13","slug":"recrutement-dune-vacataire","status":"publish","type":"post","link":"https:\/\/institutvilley.com\/?p=1628","title":{"rendered":"Recrutement d\u2019un(e) vacataire"},"content":{"rendered":"<p>L\u2019institut Michel Villey recrute un ou une vacataire \u00e0 partir de la rentr\u00e9e 2019 pour l\u2019ensemble de l\u2019ann\u00e9e acad\u00e9mique.<\/p>\n<p>&nbsp;<\/p>\n<p><strong>Intitul\u00e9 de la fonction\u00a0:<\/strong> Assistant administratif et de secr\u00e9tariat<\/p>\n<p><strong>Institution\u00a0:<\/strong> Institut Michel Villey pour la culture juridique et la philosophie du droit, Universit\u00e9 Paris II Panth\u00e9on-Assas<\/p>\n<p><strong>Statut\u00a0:<\/strong> Vacataire administratif<\/p>\n<p><strong>Lieu de travail\u00a0:<\/strong> Institut Michel Villey, 1 rue d\u2019Ulm, 75005 Paris<\/p>\n<p><strong>P\u00e9riode\u00a0:<\/strong> du 09 septembre au 20 d\u00e9cembre 2019, reconductible du 6 janvier au 24 juillet 2020.<\/p>\n<p><strong>Dur\u00e9e du travail\u00a0:<\/strong> 17h30\/semaine (le lundi de 10h \u00e0 17h et le mardi, mercredi, jeudi de 9h30 \u00e0 13h)<\/p>\n<p><strong>Date d\u2019entr\u00e9e en fonction\u00a0:<\/strong> Poste \u00e0 pourvoir d\u00e8s le lundi 9 septembre 2019<\/p>\n<p><strong>Description\u00a0:<\/strong> La personne recrut\u00e9e assurera l\u2019accueil et divers travaux de secr\u00e9tariat (num\u00e9risations, impressions, etc.).<\/p>\n<p><strong>Missions\u00a0:<\/strong><\/p>\n<p>1. Permanence de l\u2019Institut<\/p>\n<ul class=\"spip\">\n<li>Accueillir les visiteurs (dont les internationaux) de l\u2019Institut\u00a0;<\/li>\n<li>Assurer la permanence t\u00e9l\u00e9phonique, prendre les messages et assurer leur transmission aux personnes concern\u00e9es\u00a0;<\/li>\n<li>R\u00e9ception des colis destin\u00e9s \u00e0 l\u2019Institut ou ses membres.<\/li>\n<\/ul>\n<p>2. Accueil de la biblioth\u00e8que<\/p>\n<ul class=\"spip\">\n<li>Recevoir les professeurs, doctorants et \u00e9tudiants venant consulter des ouvrages \u00e0 la biblioth\u00e8que de l\u2019Institut\u00a0;<\/li>\n<li>Guider et aider les visiteurs et visiteuses \u00e0 consulter les ouvrages\u00a0;<\/li>\n<li>Rangement des ouvrages.<\/li>\n<\/ul>\n<p>3. Travaux de secr\u00e9tariat<\/p>\n<ul class=\"spip\">\n<li>Num\u00e9risations, impressions et photocopies\u00a0;<\/li>\n<li>Reprise de textes scann\u00e9s via des programmes de type OCR.<\/li>\n<\/ul>\n<p><strong>Comp\u00e9tences requises\u00a0:<\/strong><\/p>\n<ul class=\"spip\">\n<li>Comp\u00e9tences r\u00e9dactionnelles en fran\u00e7ais et anglais\u00a0;<\/li>\n<li>Comp\u00e9tences relationnelles\u00a0;<\/li>\n<li>Organisation personnelle\u00a0;<\/li>\n<li>Une bonne connaissance de l\u2019usage d\u2019Adobe Acrobat Pro et de Microsoft Office Word.<\/li>\n<li>D\u00e9tenir une carte de lecteur de la biblioth\u00e8que Cujas (<a class=\"spip_out\" href=\"http:\/\/biu-cujas.univ-paris1.fr\/fr\" rel=\"external\">http:\/\/biu-cujas.univ-paris1.fr\/fr<\/a>) est un atout<\/li>\n<\/ul>\n<p>Nous vous remercions de faire parvenir votre candidature (C.V.) au secr\u00e9tariat de l\u2019Institut \u00e0 l\u2019adresse inst.mvilley@u-paris2.fr, <strong>d\u2019ici le jeudi 18 juillet 2019<\/strong>, avec en objet \u00ab\u00a0Candidature Institut Villey\u00a0\u00bb. Les candidatures seront examin\u00e9es jusqu\u2019au 18 juillet 2019. Les candidats retenus seront re\u00e7us lors de la <strong>semaine du 22 juillet 2019<\/strong>.<\/p>\n<p>&gt; <a href=\"http:\/\/institutvilley.com\/wp-content\/uploads\/2019\/07\/IMV-Vacataire-permanence-fiche-de-poste.pdf\">Fiche de poste vacataire 2018-2019<\/a><\/p>\n","protected":false},"excerpt":{"rendered":"<p>L\u2019institut Michel Villey recrute un ou une vacataire \u00e0 partir [&hellip;]<\/p>\n","protected":false},"author":1,"featured_media":0,"comment_status":"open","ping_status":"open","sticky":false,"template":"","format":"standard","meta":{"footnotes":""},"categories":[23],"tags":[],"_links":{"self":[{"href":"https:\/\/institutvilley.com\/index.php?rest_route=\/wp\/v2\/posts\/1628"}],"collection":[{"href":"https:\/\/institutvilley.com\/index.php?rest_route=\/wp\/v2\/posts"}],"about":[{"href":"https:\/\/institutvilley.com\/index.php?rest_route=\/wp\/v2\/types\/post"}],"author":[{"embeddable":true,"href":"https:\/\/institutvilley.com\/index.php?rest_route=\/wp\/v2\/users\/1"}],"replies":[{"embeddable":true,"href":"https:\/\/institutvilley.com\/index.php?rest_route=%2Fwp%2Fv2%2Fcomments&post=1628"}],"version-history":[{"count":3,"href":"https:\/\/institutvilley.com\/index.php?rest_route=\/wp\/v2\/posts\/1628\/revisions"}],"predecessor-version":[{"id":1633,"href":"https:\/\/institutvilley.com\/index.php?rest_route=\/wp\/v2\/posts\/1628\/revisions\/1633"}],"wp:attachment":[{"href":"https:\/\/institutvilley.com\/index.php?rest_route=%2Fwp%2Fv2%2Fmedia&parent=1628"}],"wp:term":[{"taxonomy":"category","embeddable":true,"href":"https:\/\/institutvilley.com\/index.php?rest_route=%2Fwp%2Fv2%2Fcategories&post=1628"},{"taxonomy":"post_tag","embeddable":true,"href":"https:\/\/institutvilley.com\/index.php?rest_route=%2Fwp%2Fv2%2Ftags&post=1628"}],"curies":[{"name":"wp","href":"https:\/\/api.w.org\/{rel}","templated":true}]}}