{"id":1066,"date":"2012-04-25T18:15:38","date_gmt":"2012-04-25T18:15:38","guid":{"rendered":"http:\/\/institutvilley.com\/?p=1066"},"modified":"2019-07-04T11:33:10","modified_gmt":"2019-07-04T11:33:10","slug":"jean-vincent-holeindre-dir-avec-g-murat-la-democratie-et-la-guerre-au-xxie-siecle-de-la-paix-democratique-aux-guerres-irregulieres","status":"publish","type":"post","link":"https:\/\/institutvilley.com\/?p=1066","title":{"rendered":"Jean-Vincent HOLEINDRE (dir., avec G. Murat), La d\u00e9mocratie et la guerre au XXIe si\u00e8cle: De la paix d\u00e9mocratique aux guerres irr\u00e9guli\u00e8res"},"content":{"rendered":"<p><strong>L\u2019ouvrage<\/strong><\/p>\n<p>La guerre est \u00e0 la fois absente et omnipr\u00e9sente dons le d\u00e9bat d\u00e9mocratique. Absente, car la paix s\u2019est durablement install\u00e9e depuis 1945, \u00e0 mesure que se renfor\u00e7aient les institutions d\u00e9mocratiques. Omnipr\u00e9sente, car depuis les attentats terroristes du 11 septembre 2001, le discours politique est satur\u00e9 de r\u00e9f\u00e9rences aux \u00ab\u00a0nouvelles menaces\u00a0\u00bb s\u00e9curitaires. Les d\u00e9mocraties semblent n\u2019avoir jamais \u00e9t\u00e9 aussi s\u00fbres et prot\u00e9g\u00e9es qu\u2019aujourd\u2019hui\u00a0; elles sont cependant fragilis\u00e9es par l\u2019irruption de nouveaux conflits, comme en Afghanistan et en Irak. Le but de ce livre est de faire le point sur les relations complexes qu\u2019entretiennent la d\u00e9mocratie et la guerre dans la politique internationale au XXI<sup class=\"typo_exposants\">e<\/sup>\u00a0si\u00e8cle. Peut-on dire, apr\u00e8s Kant, que la d\u00e9mocratie est un r\u00e9gime politique facteur de paix\u00a0? Quels sont les effets de la guerre sur la politique int\u00e9rieure des \u00c9tats\u00a0? L\u2019adh\u00e9sion aux institutions d\u00e9mocratiques influence-t-elle la pratique de la guerre\u00a0? Enfin, \u00e0 l\u2019\u00e2ge des guerres irr\u00e9guli\u00e8res, comment la strat\u00e9gie militaire des \u00c9tats d\u00e9mocratiques \u00e9volue-t-elle\u00a0? Telles sont les principales questions pos\u00e9es dans cet ouvrage qui r\u00e9unit pour la premi\u00e8re fois sur ce th\u00e8me quelques-uns des meilleurs sp\u00e9cialistes fran\u00e7ais et \u00e9trangers, qu\u2019ils soient philosophes, historiens, sociologues et politistes. Ce que met au jour ce livre, ce sont d\u2019abord les nouveaux d\u00e9fis strat\u00e9giques auxquels font face les d\u00e9mocraties occidentales, confront\u00e9es \u00e0 une mondialisation qui redistribue les cartes de la puissance. Mais c\u2019est aussi la part d\u2019ombre, non d\u00e9mocratique, des nouvelles politiques de s\u00e9curit\u00e9.<\/p>\n<p>&nbsp;<\/p>\n<ul class=\"spip\">\n<li>\u00c9diteur\u00a0: Editions Hermann<\/li>\n<li>Date de Parution\u00a0: 25 avril 2012<\/li>\n<li>Reli\u00e9\u00a0: 237 pages<\/li>\n<li>ISBN\u00a0: 978-2705682712<\/li>\n<\/ul>\n","protected":false},"excerpt":{"rendered":"<p>L\u2019ouvrage La guerre est \u00e0 la fois absente et omnipr\u00e9sente [&hellip;]<\/p>\n","protected":false},"author":2,"featured_media":0,"comment_status":"open","ping_status":"open","sticky":false,"template":"","format":"standard","meta":{"footnotes":""},"categories":[26],"tags":[],"_links":{"self":[{"href":"https:\/\/institutvilley.com\/index.php?rest_route=\/wp\/v2\/posts\/1066"}],"collection":[{"href":"https:\/\/institutvilley.com\/index.php?rest_route=\/wp\/v2\/posts"}],"about":[{"href":"https:\/\/institutvilley.com\/index.php?rest_route=\/wp\/v2\/types\/post"}],"author":[{"embeddable":true,"href":"https:\/\/institutvilley.com\/index.php?rest_route=\/wp\/v2\/users\/2"}],"replies":[{"embeddable":true,"href":"https:\/\/institutvilley.com\/index.php?rest_route=%2Fwp%2Fv2%2Fcomments&post=1066"}],"version-history":[{"count":3,"href":"https:\/\/institutvilley.com\/index.php?rest_route=\/wp\/v2\/posts\/1066\/revisions"}],"predecessor-version":[{"id":1077,"href":"https:\/\/institutvilley.com\/index.php?rest_route=\/wp\/v2\/posts\/1066\/revisions\/1077"}],"wp:attachment":[{"href":"https:\/\/institutvilley.com\/index.php?rest_route=%2Fwp%2Fv2%2Fmedia&parent=1066"}],"wp:term":[{"taxonomy":"category","embeddable":true,"href":"https:\/\/institutvilley.com\/index.php?rest_route=%2Fwp%2Fv2%2Fcategories&post=1066"},{"taxonomy":"post_tag","embeddable":true,"href":"https:\/\/institutvilley.com\/index.php?rest_route=%2Fwp%2Fv2%2Ftags&post=1066"}],"curies":[{"name":"wp","href":"https:\/\/api.w.org\/{rel}","templated":true}]}}