{"id":1019,"date":"2012-07-04T17:26:20","date_gmt":"2012-07-04T17:26:20","guid":{"rendered":"http:\/\/institutvilley.com\/?p=1019"},"modified":"2019-07-04T11:36:26","modified_gmt":"2019-07-04T11:36:26","slug":"jus-politicum-vol-4","status":"publish","type":"post","link":"https:\/\/institutvilley.com\/?p=1019","title":{"rendered":"Jus Politicum, Vol. 4"},"content":{"rendered":"<p>Actes du colloque organis\u00e9, le 6 mai 2011, par l\u2019Institut de Recherches Carr\u00e9 de Malberg (Universit\u00e9 de Strasbourg) et l\u2019Institut Michel Villey (Universit\u00e9 Paris II Panth\u00e9on-Assas) et ayant eu lieu \u00e0 Strasbourg.<\/p>\n<p>&nbsp;<\/p>\n<p>&nbsp;<\/p>\n<h3 class=\"spip\" style=\"text-align: center;\">SOMMAIRE<\/h3>\n<p><strong>Le Conseil constitutionnel, gardien des libert\u00e9s publiques\u00a0?<\/strong><\/p>\n<p>Olivier Beaud, Patrick Wachsmann\u00a0: Ouverture.<\/p>\n<p><strong>Un regard synth\u00e9tique sur la jurisprudence du Conseil constitutionnel en mati\u00e8re de libert\u00e9s publiques<\/strong><\/p>\n<p><img loading=\"lazy\" decoding=\"async\" class=\"puce\" src=\"http:\/\/institutvilley.com\/local\/cache-vignettes\/L8xH11\/puce-32883.gif\" alt=\"-\" width=\"8\" height=\"11\" \/>\u00a0Denis Baranger\u00a0: Sur la mani\u00e8re fran\u00e7aise de rendre la justice constitutionnelle. Motivations et raisons politiques dans la jurisprudence du Conseil constitutionnel<\/p>\n<p><img loading=\"lazy\" decoding=\"async\" class=\"puce\" src=\"http:\/\/institutvilley.com\/local\/cache-vignettes\/L8xH11\/puce-32883.gif\" alt=\"-\" width=\"8\" height=\"11\" \/>\u00a0V\u00e9ronique Champeil-Desplats\u00a0: Le Conseil constitutionnel a-t-il une conception des libert\u00e9s publiques\u00a0?<\/p>\n<p><img loading=\"lazy\" decoding=\"async\" class=\"puce\" src=\"http:\/\/institutvilley.com\/local\/cache-vignettes\/L8xH11\/puce-32883.gif\" alt=\"-\" width=\"8\" height=\"11\" \/>\u00a0Jean-Marie Denquin\u00a0: La jurisprudence du Conseil constitutionnel\u00a0: grandeur ou d\u00e9cadence du droit constitutionnel\u00a0? Un regard surplombant sur les libert\u00e9s publiques<\/p>\n<p><img loading=\"lazy\" decoding=\"async\" class=\"puce\" src=\"http:\/\/institutvilley.com\/local\/cache-vignettes\/L8xH11\/puce-32883.gif\" alt=\"-\" width=\"8\" height=\"11\" \/>\u00a0Elina Lemaire\u00a0: Dans les coulisses du Conseil constitutionnel. Comment le Conseil constitutionnel et ses membres se repr\u00e9sentent la fonction de protection des libert\u00e9s<\/p>\n<p><img loading=\"lazy\" decoding=\"async\" class=\"puce\" src=\"http:\/\/institutvilley.com\/local\/cache-vignettes\/L8xH11\/puce-32883.gif\" alt=\"-\" width=\"8\" height=\"11\" \/>\u00a0Dominique Rousseau\u00a0: De quoi le Conseil constitutionnel est-il le nom\u00a0?\u00a0<strong>Un regard analytique sur la jurisprudence du Conseil constitutionnel en mati\u00e8re de libert\u00e9s publiques<\/strong><\/p>\n<p><img loading=\"lazy\" decoding=\"async\" class=\"puce\" src=\"http:\/\/institutvilley.com\/local\/cache-vignettes\/L8xH11\/puce-32883.gif\" alt=\"-\" width=\"8\" height=\"11\" \/>\u00a0Val\u00e9rie Goesel Le Bihan\u00a0: Le contr\u00f4le de proportionnalit\u00e9 exerc\u00e9 par le Conseil constitutionnel, technique de protection des libert\u00e9s publiques\u00a0?<\/p>\n<p><img loading=\"lazy\" decoding=\"async\" class=\"puce\" src=\"http:\/\/institutvilley.com\/local\/cache-vignettes\/L8xH11\/puce-32883.gif\" alt=\"-\" width=\"8\" height=\"11\" \/>\u00a0Olivier Jouanjan\u00a0: Le Conseil constitutionnel, gardien de l\u2019\u00e9galit\u00e9\u00a0?<\/p>\n<p><img loading=\"lazy\" decoding=\"async\" class=\"puce\" src=\"http:\/\/institutvilley.com\/local\/cache-vignettes\/L8xH11\/puce-32883.gif\" alt=\"-\" width=\"8\" height=\"11\" \/>\u00a0Fran\u00e7ois Saint-Bonnet\u00a0: La citoyennet\u00e9, fondement d\u00e9mocratique pour la loi anti-burqa. R\u00e9flexions sur la mort au monde et l\u2019incarc\u00e9ration volontaire.<\/p>\n<p><img loading=\"lazy\" decoding=\"async\" class=\"puce\" src=\"http:\/\/institutvilley.com\/local\/cache-vignettes\/L8xH11\/puce-32883.gif\" alt=\"-\" width=\"8\" height=\"11\" \/>\u00a0David Szymczak\u00a0: Question prioritaire de constitutionnalit\u00e9 et Convention europ\u00e9enne des droits de l\u2019homme\u00a0: l\u2019europ\u00e9anisation \u00ab\u00a0heurt\u00e9e\u00a0\u00bb du Conseil constitutionnel fran\u00e7ais.<\/p>\n<p><img loading=\"lazy\" decoding=\"async\" class=\"puce\" src=\"http:\/\/institutvilley.com\/local\/cache-vignettes\/L8xH11\/puce-32883.gif\" alt=\"-\" width=\"8\" height=\"11\" \/>\u00a0Patrick Wachsmann\u00a0: L\u2019oracle des libert\u00e9s ne parle qu\u2019une seule fois\u00a0<strong>Varia<\/strong><\/p>\n<p><img loading=\"lazy\" decoding=\"async\" class=\"puce\" src=\"http:\/\/institutvilley.com\/local\/cache-vignettes\/L8xH11\/puce-32883.gif\" alt=\"-\" width=\"8\" height=\"11\" \/>\u00a0Dieter Grimm\u00a0: L\u2019interpr\u00e9tation constitutionnelle. L\u2019exemple du d\u00e9veloppement des droits fondamentaux par la Cour constitutionnelle f\u00e9d\u00e9rale.<\/p>\n<p><img loading=\"lazy\" decoding=\"async\" class=\"puce\" src=\"http:\/\/institutvilley.com\/local\/cache-vignettes\/L8xH11\/puce-32883.gif\" alt=\"-\" width=\"8\" height=\"11\" \/>\u00a0Matthias Jestaedt\u00a0: La double constitution. Une strat\u00e9gie positiviste<\/p>\n<p><img loading=\"lazy\" decoding=\"async\" class=\"puce\" src=\"http:\/\/institutvilley.com\/local\/cache-vignettes\/L8xH11\/puce-32883.gif\" alt=\"-\" width=\"8\" height=\"11\" \/>\u00a0Franck Laffaille\u00a0: La notion de constitution au sens mat\u00e9riel chez Costantino Mortati. La \u00ab\u00a0zone grise\u00a0\u00bb du droit constitutionnel<\/p>\n<p>Les ouvrages parus dans la collection \u00ab\u00a0Les Fondements du Droit\u00a0\u00bb sont disponibles, \u00e0 l\u2019achat, \u00e0 l\u2019adresse suivante\u00a0:\u00a0<a class=\"spip_out\" href=\"http:\/\/www.dalloz-boutique.fr\/\" rel=\"external\">http:\/\/www.dalloz-boutique.fr\/<\/a>.<\/p>\n<p>&nbsp;<\/p>\n<p>&nbsp;<\/p>\n<div class=\"cartouche cartouche_livre\">\n<div class=\"surlignable\">\n<div class=\"chapo\">\n<ul class=\"spip\">\n<li>Volume 4\u00a0:\u00a0<strong>Le Conseil constitutionnel, gardien des libert\u00e9s publiques\u00a0?<\/strong><\/li>\n<li>\u00c9diteur\u00a0: Dalloz, coll. \u00ab\u00a0Les Fondements du Droit\u00a0\u00bb<\/li>\n<li>Date de parution\u00a0: 4 juillet 2012<\/li>\n<li>Prix\u00a0: 40 \u20ac<\/li>\n<\/ul>\n<\/div>\n<\/div>\n<\/div>\n<div class=\"nettoyeur\"><\/div>\n<div class=\"surlignable\"><\/div>\n","protected":false},"excerpt":{"rendered":"<p>Actes du colloque organis\u00e9, le 6 mai 2011, par l\u2019Institut [&hellip;]<\/p>\n","protected":false},"author":2,"featured_media":0,"comment_status":"open","ping_status":"open","sticky":false,"template":"","format":"standard","meta":{"footnotes":""},"categories":[24],"tags":[],"_links":{"self":[{"href":"https:\/\/institutvilley.com\/index.php?rest_route=\/wp\/v2\/posts\/1019"}],"collection":[{"href":"https:\/\/institutvilley.com\/index.php?rest_route=\/wp\/v2\/posts"}],"about":[{"href":"https:\/\/institutvilley.com\/index.php?rest_route=\/wp\/v2\/types\/post"}],"author":[{"embeddable":true,"href":"https:\/\/institutvilley.com\/index.php?rest_route=\/wp\/v2\/users\/2"}],"replies":[{"embeddable":true,"href":"https:\/\/institutvilley.com\/index.php?rest_route=%2Fwp%2Fv2%2Fcomments&post=1019"}],"version-history":[{"count":1,"href":"https:\/\/institutvilley.com\/index.php?rest_route=\/wp\/v2\/posts\/1019\/revisions"}],"predecessor-version":[{"id":1022,"href":"https:\/\/institutvilley.com\/index.php?rest_route=\/wp\/v2\/posts\/1019\/revisions\/1022"}],"wp:attachment":[{"href":"https:\/\/institutvilley.com\/index.php?rest_route=%2Fwp%2Fv2%2Fmedia&parent=1019"}],"wp:term":[{"taxonomy":"category","embeddable":true,"href":"https:\/\/institutvilley.com\/index.php?rest_route=%2Fwp%2Fv2%2Fcategories&post=1019"},{"taxonomy":"post_tag","embeddable":true,"href":"https:\/\/institutvilley.com\/index.php?rest_route=%2Fwp%2Fv2%2Ftags&post=1019"}],"curies":[{"name":"wp","href":"https:\/\/api.w.org\/{rel}","templated":true}]}}