{"id":1002,"date":"2018-01-01T17:19:14","date_gmt":"2018-01-01T17:19:14","guid":{"rendered":"http:\/\/institutvilley.com\/?p=1002"},"modified":"2023-02-24T11:07:11","modified_gmt":"2023-02-24T11:07:11","slug":"jp-blog-letat-de-la-constitution-2017","status":"publish","type":"post","link":"https:\/\/institutvilley.com\/?p=1002","title":{"rendered":"JP blog &#8211; L\u2019\u00e9tat de la constitution 2017"},"content":{"rendered":"<p>Pourquoi une nouvelle publication sur l\u2019actualit\u00e9 du droit constitutionnel\u00a0? Pr\u00e9cis\u00e9ment parce que le droit constitutionnel a une actualit\u00e9, qui ne se r\u00e9sume pas \u00e0 celle de la vie politique et \u00e0 ses \u00ab\u00a0rendez-vous\u00a0\u00bb (\u00e9lections, nominations), ses \u00ab\u00a0faits divers\u00a0\u00bb (d\u00e9missions, r\u00e9vocations, condamnations, etc.) ou ses crises institutionnelles. C\u2019est plut\u00f4t le contraire\u00a0: en regardant seulement la vie institutionnelle \u00ab\u00a0par le petit bout\u00a0\u00bb d\u2019une lorgnette politique (les petites phrases, les r\u00e9actions \u00e0 chaud, les apparences de la vie m\u00e9diatique), on manque la composante constitutionnelle qui pourtant explique souvent l\u2019essentiel. Car tout, dans la politique, n\u2019est pas politicien. Ce que les citoyens, et m\u00eame beaucoup d\u2019observateurs \u00e9clair\u00e9s de notre monde politique ne per\u00e7oivent pas toujours assez bien, c\u2019est que le droit impose son propre rythme, ses propres exigences, \u00e0 l\u2019action politique.<\/p>\n<p>Cet ebook \u2013 dont la premi\u00e8re \u00e9dition est gratuite \u2013 contient tous les billets publi\u00e9s sur le blog de la revue\u00a0<i>Jus Politicum<\/i>\u00a0au cours de l\u2019ann\u00e9e, sans aucun changement \u00e9ditorial.<\/p>\n<p>&nbsp;<\/p>\n<ul class=\"spip\">\n<li>L\u2019ebook 2017 de JP blog<\/li>\n<li>T\u00e9l\u00e9chargeable en .pdf<\/li>\n<li>Date de parution\u00a0: janvier 2018<\/li>\n<li>323 pages<\/li>\n<\/ul>\n<p>&nbsp;<\/p>\n<p><a href=\"http:\/\/institutvilley.com\/wp-content\/uploads\/2019\/07\/ebook-L\u00e9tat-de-la-Constitution-2017.pdf\">L&rsquo;ebook en pdf<\/a><\/p>\n","protected":false},"excerpt":{"rendered":"<p>Pourquoi une nouvelle publication sur l\u2019actualit\u00e9 du droit constitutionnel\u00a0? Pr\u00e9cis\u00e9ment [&hellip;]<\/p>\n","protected":false},"author":2,"featured_media":0,"comment_status":"open","ping_status":"open","sticky":false,"template":"","format":"standard","meta":{"footnotes":""},"categories":[24,75],"tags":[],"_links":{"self":[{"href":"https:\/\/institutvilley.com\/index.php?rest_route=\/wp\/v2\/posts\/1002"}],"collection":[{"href":"https:\/\/institutvilley.com\/index.php?rest_route=\/wp\/v2\/posts"}],"about":[{"href":"https:\/\/institutvilley.com\/index.php?rest_route=\/wp\/v2\/types\/post"}],"author":[{"embeddable":true,"href":"https:\/\/institutvilley.com\/index.php?rest_route=\/wp\/v2\/users\/2"}],"replies":[{"embeddable":true,"href":"https:\/\/institutvilley.com\/index.php?rest_route=%2Fwp%2Fv2%2Fcomments&post=1002"}],"version-history":[{"count":2,"href":"https:\/\/institutvilley.com\/index.php?rest_route=\/wp\/v2\/posts\/1002\/revisions"}],"predecessor-version":[{"id":1043,"href":"https:\/\/institutvilley.com\/index.php?rest_route=\/wp\/v2\/posts\/1002\/revisions\/1043"}],"wp:attachment":[{"href":"https:\/\/institutvilley.com\/index.php?rest_route=%2Fwp%2Fv2%2Fmedia&parent=1002"}],"wp:term":[{"taxonomy":"category","embeddable":true,"href":"https:\/\/institutvilley.com\/index.php?rest_route=%2Fwp%2Fv2%2Fcategories&post=1002"},{"taxonomy":"post_tag","embeddable":true,"href":"https:\/\/institutvilley.com\/index.php?rest_route=%2Fwp%2Fv2%2Ftags&post=1002"}],"curies":[{"name":"wp","href":"https:\/\/api.w.org\/{rel}","templated":true}]}}