{"id":21,"count":8,"description":"Ensemble des pr\u00e9sentations (et non des \u00e9v\u00e9nements) de la Chaire Villey. Les articles pr\u00e9sent sous cette cat\u00e9gorie pr\u00e9sentent les titulaires de la Chaire Villey.","link":"https:\/\/institutvilley.com\/?cat=21","name":"Chaire Villey","slug":"chaire-villey","taxonomy":"category","parent":0,"meta":[],"_links":{"self":[{"href":"https:\/\/institutvilley.com\/index.php?rest_route=\/wp\/v2\/categories\/21"}],"collection":[{"href":"https:\/\/institutvilley.com\/index.php?rest_route=\/wp\/v2\/categories"}],"about":[{"href":"https:\/\/institutvilley.com\/index.php?rest_route=\/wp\/v2\/taxonomies\/category"}],"wp:post_type":[{"href":"https:\/\/institutvilley.com\/index.php?rest_route=%2Fwp%2Fv2%2Fposts&categories=21"}],"curies":[{"name":"wp","href":"https:\/\/api.w.org\/{rel}","templated":true}]}}